{"id":28373,"date":"2021-09-07T11:40:19","date_gmt":"2021-09-07T09:40:19","guid":{"rendered":"https:\/\/sw-osterfeine.de\/?p=28373"},"modified":"2021-09-07T11:40:19","modified_gmt":"2021-09-07T09:40:19","slug":"lauftreff-ein-wochenende-zwei-laufcups","status":"publish","type":"post","link":"https:\/\/sw-osterfeine.de\/?p=28373","title":{"rendered":"Lauftreff: Ein Wochenende zwei Laufcups"},"content":{"rendered":"\n<p>Was ein Auftakt f\u00fcr den Volksbanken Laufcup. Der 1. Moin Vechta Br\u00fcckenlauf feierte am SamstagPremiere, da durfte das \u201ewho os who\u201c aus der L\u00e4uferszene nat\u00fcrlich nicht fehlen. Antonius Schr\u00f6er am Mikro, Gerd Seelhorst als Chef-Organisator, Wolfgang Knabe auf dem Podest und Kuk, Br\u00f6ring, Remus und Stark auf der Strecke. Bei 243 Teilnehmer auf 4 Strecken verteilt kann man schon von einem sehr gelungenen Start f\u00fcr dieneue Volksbanken Laufcupserie sprechen. Nat\u00fcrlich durfte eine kleine Fraktion aus Osterfeine nichtfehlen. Gerecht aufgeteilt auf 2 Strecken gaben die L\u00e4ufer vom Lauftreff wieder alles um am Ende nicht nur Punkte f\u00fcr den Cup zu sammeln, sondern auch Werbung f\u00fcr den D\u00fcmmerlauf zu machen. Bei strahlendem Sonnenschein und warmen Temperaturen starteten Franz und Dennis um 15 Uhr mit weiteren 75 L\u00e4ufern ihren 6 km Lauf. Eine Stunde sp\u00e4ter gingen Theo und Dawid f\u00fcr die 11,6 km lange Strecke an die Startlinie. Die Zahlreichen Zuschauer am Rande der Strecke machten die 4 langen Anstiege einigerma\u00dfen ertr\u00e4glicher obwohl die es ganz sch\u00f6n in sich hatten.<\/p>\n<p>\u00a0<\/p>\n<p>Ergebnisse im \u00dcberblick:<\/p>\n<p>Franz Steinkamp 6km 27:12 min. Platz 11 AK 2<\/p>\n<p>Dennis Steinkamp 6km 39:02 min. Platz 64 AK 5<\/p>\n<p>Dawid Wadulla 11,6km 54:14 min. Platz 19 AK 3<\/p>\n<p>Theo M\u00f6nnich 11,6km 01:04 std. Platz 70 AK 9<\/p>\n<p>\u00a0<\/p>\n<p>Parallel zum Volksbanken Laufcup, der im Kreis Vechta statt findet, l\u00e4uft der Sparkassencup im Altkreis Bersenbr\u00fcck. Aufgrund der aktuellen Einschr\u00e4nkungen werden die ersten 6 L\u00e4ufe als Wochenend-Solo-L\u00e4ufe ausgetragen. Die Strecken sind von Freitag bis Sonntag ausgeschildert und man tr\u00e4gt seine Zeit online ein. Vergangenes Wochenende war dann der Hase-Lauf in Quakenbr\u00fcck dran. Auch hier mit Osterfeiner Beteiligung. Am Sonntag machten sich Diana und Dawid auf den Weg zur Artland Arena. Start direkt neben dem Stadion ging es erst Flussaufw\u00e4rts an der Hase entlang bis es dann \u00fcber Stock undStein und Asphalt in eine Wohnsiedlung um dann wieder an der Hase, diesmal Flussabw\u00e4rts, zur Ziellinie zu laufen. Die Strecke war sch\u00f6n abwechslungsreich allerdings h\u00e4tte das eine oder andere Schild mehr der Strecke gut getan. Nichtsdestotrotz war es eine tolles Laufwochenende mit der Erkenntnis das es endlich wieder los geht. Am kommenden Freitag geht es f\u00fcr uns nach Hunteburg zum Halbmarathon.<\/p>\n<p>Diana Meyer 5km 50:20 min.<\/p>\n<p>Dawid Wadulla 10 km 46:43 min<\/p>\n<p>\u00a0<\/p>\n\n\t\t<style type=\"text\/css\">\n\t\t\t#gallery-1 {\n\t\t\t\tmargin: auto;\n\t\t\t}\n\t\t\t#gallery-1 .gallery-item {\n\t\t\t\tfloat: left;\n\t\t\t\tmargin-top: 10px;\n\t\t\t\ttext-align: center;\n\t\t\t\twidth: 33%;\n\t\t\t}\n\t\t\t#gallery-1 img {\n\t\t\t\tborder: 2px solid #cfcfcf;\n\t\t\t}\n\t\t\t#gallery-1 .gallery-caption {\n\t\t\t\tmargin-left: 0;\n\t\t\t}\n\t\t\t\/* see gallery_shortcode() in wp-includes\/media.php *\/\n\t\t<\/style>\n\t\t<div id='gallery-1' class='gallery galleryid-28373 gallery-columns-3 gallery-size-thumbnail'><dl class='gallery-item'>\n\t\t\t<dt class='gallery-icon portrait'>\n\t\t\t\t<a href='https:\/\/sw-osterfeine.de\/wp-content\/uploads\/2021\/09\/LT-1.jpeg' title=\"\" data-rl_title=\"\" class=\"rl-gallery-link\" data-rl_caption=\"\" data-rel=\"lightbox-gallery-1\"><img loading=\"lazy\" decoding=\"async\" width=\"150\" height=\"150\" src=\"https:\/\/sw-osterfeine.de\/wp-content\/uploads\/2021\/09\/LT-1-150x150.jpeg\" class=\"attachment-thumbnail size-thumbnail\" alt=\"\" \/><\/a>\n\t\t\t<\/dt><\/dl><dl class='gallery-item'>\n\t\t\t<dt class='gallery-icon landscape'>\n\t\t\t\t<a href='https:\/\/sw-osterfeine.de\/wp-content\/uploads\/2021\/09\/LT-2.jpeg' title=\"\" data-rl_title=\"\" class=\"rl-gallery-link\" data-rl_caption=\"\" data-rel=\"lightbox-gallery-1\"><img loading=\"lazy\" decoding=\"async\" width=\"150\" height=\"150\" src=\"https:\/\/sw-osterfeine.de\/wp-content\/uploads\/2021\/09\/LT-2-150x150.jpeg\" class=\"attachment-thumbnail size-thumbnail\" alt=\"\" srcset=\"https:\/\/sw-osterfeine.de\/wp-content\/uploads\/2021\/09\/LT-2-150x150.jpeg 150w, https:\/\/sw-osterfeine.de\/wp-content\/uploads\/2021\/09\/LT-2-300x300.jpeg 300w, https:\/\/sw-osterfeine.de\/wp-content\/uploads\/2021\/09\/LT-2.jpeg 600w\" sizes=\"(max-width: 150px) 100vw, 150px\" \/><\/a>\n\t\t\t<\/dt><\/dl><dl class='gallery-item'>\n\t\t\t<dt class='gallery-icon portrait'>\n\t\t\t\t<a href='https:\/\/sw-osterfeine.de\/wp-content\/uploads\/2021\/09\/LT-3.jpg' title=\"\" data-rl_title=\"\" class=\"rl-gallery-link\" data-rl_caption=\"\" data-rel=\"lightbox-gallery-1\"><img loading=\"lazy\" decoding=\"async\" width=\"150\" height=\"150\" src=\"https:\/\/sw-osterfeine.de\/wp-content\/uploads\/2021\/09\/LT-3-150x150.jpg\" class=\"attachment-thumbnail size-thumbnail\" alt=\"\" \/><\/a>\n\t\t\t<\/dt><\/dl><br style=\"clear: both\" \/>\n\t\t<\/div>\n\n","protected":false},"excerpt":{"rendered":"<p>Was ein Auftakt f\u00fcr den Volksbanken Laufcup. Der 1. Moin Vechta Br\u00fcckenlauf feierte am SamstagPremiere, da durfte das \u201ewho os who\u201c aus der L\u00e4uferszene nat\u00fcrlich nicht fehlen. Antonius Schr\u00f6er am Mikro, Gerd Seelhorst als Chef-Organisator, Wolfgang Knabe auf dem Podest und Kuk, Br\u00f6ring, Remus und Stark auf der Strecke. Bei 243 Teilnehmer auf 4 Strecken [&hellip;]<\/p>\n","protected":false},"author":3,"featured_media":0,"comment_status":"closed","ping_status":"closed","sticky":false,"template":"","format":"standard","meta":{"footnotes":""},"categories":[38],"tags":[],"_links":{"self":[{"href":"https:\/\/sw-osterfeine.de\/index.php?rest_route=\/wp\/v2\/posts\/28373"}],"collection":[{"href":"https:\/\/sw-osterfeine.de\/index.php?rest_route=\/wp\/v2\/posts"}],"about":[{"href":"https:\/\/sw-osterfeine.de\/index.php?rest_route=\/wp\/v2\/types\/post"}],"author":[{"embeddable":true,"href":"https:\/\/sw-osterfeine.de\/index.php?rest_route=\/wp\/v2\/users\/3"}],"replies":[{"embeddable":true,"href":"https:\/\/sw-osterfeine.de\/index.php?rest_route=%2Fwp%2Fv2%2Fcomments&post=28373"}],"version-history":[{"count":2,"href":"https:\/\/sw-osterfeine.de\/index.php?rest_route=\/wp\/v2\/posts\/28373\/revisions"}],"predecessor-version":[{"id":28378,"href":"https:\/\/sw-osterfeine.de\/index.php?rest_route=\/wp\/v2\/posts\/28373\/revisions\/28378"}],"wp:attachment":[{"href":"https:\/\/sw-osterfeine.de\/index.php?rest_route=%2Fwp%2Fv2%2Fmedia&parent=28373"}],"wp:term":[{"taxonomy":"category","embeddable":true,"href":"https:\/\/sw-osterfeine.de\/index.php?rest_route=%2Fwp%2Fv2%2Fcategories&post=28373"},{"taxonomy":"post_tag","embeddable":true,"href":"https:\/\/sw-osterfeine.de\/index.php?rest_route=%2Fwp%2Fv2%2Ftags&post=28373"}],"curies":[{"name":"wp","href":"https:\/\/api.w.org\/{rel}","templated":true}]}}