{"id":28422,"date":"2021-09-09T13:32:24","date_gmt":"2021-09-09T11:32:24","guid":{"rendered":"https:\/\/sw-osterfeine.de\/?p=28422"},"modified":"2021-09-09T13:32:24","modified_gmt":"2021-09-09T11:32:24","slug":"stadionzeitung-03-21-heimspiel-gegen-sv-emstek","status":"publish","type":"post","link":"https:\/\/sw-osterfeine.de\/?p=28422","title":{"rendered":"Stadionzeitung 03\/21 (Heimspiel gegen SV Emstek)"},"content":{"rendered":"\n<p>Am Sonntag gibt es zwei interessante Heimspiele unserer 1. und 2. Fu\u00dfball-Herren-Mannschaften.<\/p>\n<p>Im Vorspiel um 13 Uhr erwartet unsere Zweite den Kreisliga-Tabellenf\u00fchrer BW Langf\u00f6rden.<\/p>\n<p>Um 15 Uhr folgt das Spiel der Ersten gegen den SV Emstek.<\/p>\n<p>\u00a0<\/p>\n<p>Nachfolgend die Stadionzeitung f\u00fcr Sonntag:<\/p>\n<p>\u00a0<\/p>\n<p><a href=\"https:\/\/sw-osterfeine.de\/wp-content\/uploads\/2021\/09\/Stadionzeitung-Emstek.pdf\">Stadionzeitung Emstek<\/a><\/p>\n<p>\u00a0<\/p>\n<p>\u00a0<\/p>\n","protected":false},"excerpt":{"rendered":"<p>Am Sonntag gibt es zwei interessante Heimspiele unserer 1. und 2. Fu\u00dfball-Herren-Mannschaften. Im Vorspiel um 13 Uhr erwartet unsere Zweite den Kreisliga-Tabellenf\u00fchrer BW Langf\u00f6rden. Um 15 Uhr folgt das Spiel der Ersten gegen den SV Emstek. \u00a0 Nachfolgend die Stadionzeitung f\u00fcr Sonntag: \u00a0 Stadionzeitung Emstek \u00a0 \u00a0<\/p>\n","protected":false},"author":3,"featured_media":0,"comment_status":"closed","ping_status":"closed","sticky":false,"template":"","format":"standard","meta":{"footnotes":""},"categories":[3],"tags":[],"_links":{"self":[{"href":"https:\/\/sw-osterfeine.de\/index.php?rest_route=\/wp\/v2\/posts\/28422"}],"collection":[{"href":"https:\/\/sw-osterfeine.de\/index.php?rest_route=\/wp\/v2\/posts"}],"about":[{"href":"https:\/\/sw-osterfeine.de\/index.php?rest_route=\/wp\/v2\/types\/post"}],"author":[{"embeddable":true,"href":"https:\/\/sw-osterfeine.de\/index.php?rest_route=\/wp\/v2\/users\/3"}],"replies":[{"embeddable":true,"href":"https:\/\/sw-osterfeine.de\/index.php?rest_route=%2Fwp%2Fv2%2Fcomments&post=28422"}],"version-history":[{"count":3,"href":"https:\/\/sw-osterfeine.de\/index.php?rest_route=\/wp\/v2\/posts\/28422\/revisions"}],"predecessor-version":[{"id":28426,"href":"https:\/\/sw-osterfeine.de\/index.php?rest_route=\/wp\/v2\/posts\/28422\/revisions\/28426"}],"wp:attachment":[{"href":"https:\/\/sw-osterfeine.de\/index.php?rest_route=%2Fwp%2Fv2%2Fmedia&parent=28422"}],"wp:term":[{"taxonomy":"category","embeddable":true,"href":"https:\/\/sw-osterfeine.de\/index.php?rest_route=%2Fwp%2Fv2%2Fcategories&post=28422"},{"taxonomy":"post_tag","embeddable":true,"href":"https:\/\/sw-osterfeine.de\/index.php?rest_route=%2Fwp%2Fv2%2Ftags&post=28422"}],"curies":[{"name":"wp","href":"https:\/\/api.w.org\/{rel}","templated":true}]}}