{"id":28463,"date":"2021-09-11T13:06:28","date_gmt":"2021-09-11T11:06:28","guid":{"rendered":"https:\/\/sw-osterfeine.de\/?p=28463"},"modified":"2021-09-11T13:06:28","modified_gmt":"2021-09-11T11:06:28","slug":"c-i-jugend-startet-in-die-serie-2021-22","status":"publish","type":"post","link":"https:\/\/sw-osterfeine.de\/?p=28463","title":{"rendered":"C-I-Jugend startet in die Serie 2021\/22"},"content":{"rendered":"\n<p><strong>P\u00fcnktlich zum 1. Training der neuen C-I-Jugend der Serie 21\/22 standen das Trainerteam und das Spieleraufgebot f\u00fcr die neue Serie fest: Aus der bisherigen C-I-Jugend blieben nur Arne Jacob, Mathis Herferth und Jannis Otte \u00fcbrig, aus der C-II-Jugend stie\u00dfen Kevin Gravemeyer, Paul Kreinest, Maxi B\u00f6ckmann, Matthes Joachimmeyer, Hinrich Bosche, Jan-Bernd Putthoff, Clemens Lapke, Hendrik Kohake und David Piening dazu. Komplettiert wurde der Kader dann mit Michel R\u00f6mer(TW) und Mika Kamps aus der C-III-Jugend. Somit verf\u00fcgt unser Kader insgesamt \u00fcber 14 Jugendliche, die Bock auf Fu\u00dfball haben.\u00a0 Das Trainerteam setzt sich in dieser Serie aus Hans-J\u00fcrgen Lapke, Lukas Decker, TWT J\u00fcrgen Jacob und Bubble zusammen.<\/strong><\/p>\n<p><strong>Mit Trainingsbeginn wurden w\u00f6chentlich 3 Einheiten absolviert, um wieder in den Fu\u00dfballrythmus zu gelangen. Spielpraxis wurde sich in einigen Freundschaftsspielen geholt.<\/strong><\/p>\n<p><strong>Gegen den alten Jahrgang des Stemweder Bergs gab es eine 1:9 Niederlage, dann einen 3:1 Sieg gegen BW Lohne II und eine 3:4 Niederlage gegen RW Damme. <\/strong><\/p>\n<p><strong>Durch die gute und flei\u00dfige Trainingsteilnahme der Jungs konnte so langsam wieder die lange \u00a0Fu\u00dfball\u00a0 Coronapause kompensiert werden. <\/strong><\/p>\n<p><strong>Anfang August begann dann die Endphase der Saisonvorbereitung mit einem Trainingslager im JFZ und 2 Freundschaftsspielen gegen die SG Holdorf\/Langenberg(19:0) und die SG Steinfeld\/M\u00fchlen(10:0).<\/strong><\/p>\n<p><strong>Am 4.9.21 stand dann in Neuenkirchen gegen die SG Neuenkirchen\/V\u00f6rden das 1.Punktspiel auf dem Programm, was unsere Jungs mit 9:0 f\u00fcr sich entscheiden konnten.<\/strong><\/p>\n<p><strong>2 Tage sp\u00e4ter nahmen die jungen Fu\u00dfballer dann in Kalkriese an einem Pokalturnier am fr\u00fchen\/sp\u00e4ten Abend statt. Mit 3 2:0 Siegen gegen TUS Engter, SG Neuenkirchen\/V\u00f6rden und FCR Bramsche II konnte die Gruppenphase als Sieger abgeschlossen und das Finale gegen die SG Rieste\/Alfhausen erreicht werden. Hier wartete ein starker Gegner im Finale unter Flutlicht auf uns. Doch durch einen herausragenden Einsatz aller Spieler, einem sch\u00f6n herausgespielten Treffer von Arne Jacob, nach toller Vorarbeit von Jan-Bernd Putthoff, und einem trotz der Uhrzeit hellwachen TW Kevin Gravemeyer konnte das Finale mit 1:0 gewonnen werden und die Preise bei der Siegerehrung in Empfang genommen werden.<\/strong><\/p>\n<p><strong>In der kommenden Woche geht es nun in Brockdorf am Mittwoch im Pokal weiter und am Sonnabend steht dann das schwere Punktspiel in BW Lohne II an. Die Mannschaft wei\u00df nach den ersten Ergebnissen in den Punktspielen genau, dass die Aufgaben in den n\u00e4chsten Wochen extrem schwer werden, aber die Mannschaft will alles versuchen, am Ende der Hinrunde einen Platz unter den ersten 5 zu erreichen, um im Fr\u00fchjahr die OM-Endrunde mit Teams aus Vechta, Cloppenburg, Delmenhorst und Oldenburg-Land zu erreichen. Doch das wird ein schwerer Weg.<\/strong><\/p>\n<p><strong>Herausragend ist die gute Kameradschaft (Freundschaft) in der Mannschaft mit einer ausgezeichneten Trainingsbeteiligung.\u00a0 So haben Kevin Gravemeyer, Maxi B\u00f6ckmann und Paul Kreinest noch keine Einheit verpasst. Auch David Piening und Hinrich Bosche sind mit 1 bzw 2 fehlenden Einheiten hier ausgezeichnet dabei.<\/strong><\/p>\n<p><strong>Insgesamt hat sich die Mannschaft einigerma\u00dfen nach der langen Pause wieder auf einen guten Weg begeben, doch gerade im Bereich Ausdauer, Schnelligkeitsausdauer und am Gew\u00f6hnen an den gro\u00dfen Platz mit der entsprechenden Raumaufteilung liegt noch eine Menge Nachholbedarf und Trainingsarbeit in den n\u00e4chsten Monaten vor uns, aber wir arbeiten dran\u2026\u2026\u2026<\/strong><\/p>\n","protected":false},"excerpt":{"rendered":"<p>P\u00fcnktlich zum 1. Training der neuen C-I-Jugend der Serie 21\/22 standen das Trainerteam und das Spieleraufgebot f\u00fcr die neue Serie fest: Aus der bisherigen C-I-Jugend blieben nur Arne Jacob, Mathis Herferth und Jannis Otte \u00fcbrig, aus der C-II-Jugend stie\u00dfen Kevin Gravemeyer, Paul Kreinest, Maxi B\u00f6ckmann, Matthes Joachimmeyer, Hinrich Bosche, Jan-Bernd Putthoff, Clemens Lapke, Hendrik Kohake [&hellip;]<\/p>\n","protected":false},"author":3,"featured_media":0,"comment_status":"closed","ping_status":"closed","sticky":false,"template":"","format":"standard","meta":{"footnotes":""},"categories":[3],"tags":[],"_links":{"self":[{"href":"https:\/\/sw-osterfeine.de\/index.php?rest_route=\/wp\/v2\/posts\/28463"}],"collection":[{"href":"https:\/\/sw-osterfeine.de\/index.php?rest_route=\/wp\/v2\/posts"}],"about":[{"href":"https:\/\/sw-osterfeine.de\/index.php?rest_route=\/wp\/v2\/types\/post"}],"author":[{"embeddable":true,"href":"https:\/\/sw-osterfeine.de\/index.php?rest_route=\/wp\/v2\/users\/3"}],"replies":[{"embeddable":true,"href":"https:\/\/sw-osterfeine.de\/index.php?rest_route=%2Fwp%2Fv2%2Fcomments&post=28463"}],"version-history":[{"count":1,"href":"https:\/\/sw-osterfeine.de\/index.php?rest_route=\/wp\/v2\/posts\/28463\/revisions"}],"predecessor-version":[{"id":28464,"href":"https:\/\/sw-osterfeine.de\/index.php?rest_route=\/wp\/v2\/posts\/28463\/revisions\/28464"}],"wp:attachment":[{"href":"https:\/\/sw-osterfeine.de\/index.php?rest_route=%2Fwp%2Fv2%2Fmedia&parent=28463"}],"wp:term":[{"taxonomy":"category","embeddable":true,"href":"https:\/\/sw-osterfeine.de\/index.php?rest_route=%2Fwp%2Fv2%2Fcategories&post=28463"},{"taxonomy":"post_tag","embeddable":true,"href":"https:\/\/sw-osterfeine.de\/index.php?rest_route=%2Fwp%2Fv2%2Ftags&post=28463"}],"curies":[{"name":"wp","href":"https:\/\/api.w.org\/{rel}","templated":true}]}}