{"id":28500,"date":"2021-09-14T09:22:02","date_gmt":"2021-09-14T07:22:02","guid":{"rendered":"https:\/\/sw-osterfeine.de\/?p=28500"},"modified":"2021-09-14T09:22:54","modified_gmt":"2021-09-14T07:22:54","slug":"spielbericht-swo-ii","status":"publish","type":"post","link":"https:\/\/sw-osterfeine.de\/?p=28500","title":{"rendered":"Spielbericht: SWO II"},"content":{"rendered":"\n<p>Zum achten Spieltag hatten wir den Titelanw\u00e4rter Langf\u00f6rden zu Gast. Auch wenn uns bewusst war, dass wir eine gro\u00dfe und schwierige Aufgabe vor der Brust hatten, war das Ziel am Sonntag f\u00fcr alle klar \u2013 es sollte mindestens ein Punkt her.<br \/>Unter guten Spielbedingungen mit angenehmen 20 Grad pfiff der Schiedsrichter p\u00fcnktlich zu 13:00 Uhr zum Ansto\u00df auf Platz 2 an.<br \/>Die Taktikvorgabe von Seppel war es, direkt zu Beginn der Partie hinten sicher zu stehen und auf Konter zu lauern. So erarbeiteten wir uns bereits in der 5 Min. nach einem Ballgewinn in unserer H\u00e4lfte auch die erste Chance der Partie. Alex St\u00e4rk bemerkte, dass der Torwart zu weit vorm Tor stand und versuchte, ihn mit einem Distanzschuss aus 30m zu \u00fcberwinden. Diesen konnte der Torwart jedoch noch kl\u00e4ren.<br \/>Insgesamt hielten wir mit Langf\u00f6rden gut mit und konnten mit einer gutstehenden Abwehr und einem starken Christian Meyer im Tor s\u00e4mtliche Vorst\u00f6\u00dfe problemlos verteidigen. In der 19 Minute bekam die langf\u00f6rdener Abwehr den Ball nicht richtig aus dem Sechszehner gekl\u00e4rt, wodurch der Ball vor Sebi Schockem\u00f6hles F\u00fc\u00dfen landete und er sich aus 20m ein Herz nahm und das Leder \u00fcber den etwas zu weit vorm Tor stehenden Torh\u00fcter ins Tor schoss.<br \/>Nach unserem F\u00fchrungstreffer konzentrierten wir uns weiterhin aufs Verteidigen, wodurch sich Langf\u00f6rden im weiteren Spielverlauf kaum nennenswerte Chancen erspielen konnte.<!--more--><br \/>Schlie\u00dflich gingen wir nach einer geschlossenen und engagierten Mannschaftsleistung mit einer knappen aber verdienten 1:0 F\u00fchrung in die Kabine.<br \/><br \/>Die zweite Halbzeit begann wie erwartet mit einer druckvollen Phase der Langf\u00f6rdener auf unser Tor. Wir beschr\u00e4nkten uns ausschlie\u00dflich aufs Verteidigen, um die Null so lange wie m\u00f6glich zu halten. Die ersten brenzlichen Situationen konnten wir noch kl\u00e4ren, jedoch gelang es uns gleichzeitig leider nicht mehr, gef\u00e4hrlich vor das gegnerische Tor zu kommen. Um f\u00fcr etwas Entlastung zu sorgen, wechselte Seppel Maxime M\u00fcnch f\u00fcr Raphael G\u00f6tz (57. Min.) und Malte Lenger f\u00fcr Frank Deters (64. Min) ein.<br \/>Letztendlich hielt unsere F\u00fchrung aber nur bis zur 66 Min. an, als wir den Ball nicht richtig gekl\u00e4rt bekamen und Felix Jansen den Ball von der halblinken Seite aus ca. 15m ins lange Eck schlenzte.<br \/>Mit zunehmender Spieldauer wurde unsere Luft d\u00fcnner, wodurch unsere Konzentration nachlie\u00df und wir uns vermehrt Fehler im Aufbauspiel leisteten. Dadurch erzielte Langf\u00f6rden keine 10 Minuten sp\u00e4ter durch Marcus Luesse die 1:2 F\u00fchrung.<br \/>Richtung Ende des Spiels konnten wir dem Druck nicht standhalten, wodurch sich Langf\u00f6rden weitere Gelegenheiten erarbeitete. Im Gegensatz zur ersten Halbzeit nutzte Langf\u00f6rden seine Chancen jetzt besser, sodass zum Ende noch die Gegentore 3,4 und 5 (80, 85 und 89 Min.) fielen.<br \/>Im Endeffekt fiel die Niederlage viel zu hoch aus und wir konnten uns trotz der starken ersten Halbzeit leider nicht mit einem Punkt belohnen. Als n\u00e4chstes steht das Ausw\u00e4rtsspiel gegen M\u00fchlen II. am 22.09.21 um 19:30 Uhr an, bei dem wir eine neue Chance erhalten, endlich unsere Negativserie zu beenden.<\/p>\n<p>\u00a0<\/p>\n<p>Bis dann, die II.<\/p>\n","protected":false},"excerpt":{"rendered":"<p>Zum achten Spieltag hatten wir den Titelanw\u00e4rter Langf\u00f6rden zu Gast. Auch wenn uns bewusst war, dass wir eine gro\u00dfe und schwierige Aufgabe vor der Brust hatten, war das Ziel am Sonntag f\u00fcr alle klar \u2013 es sollte mindestens ein Punkt her.Unter guten Spielbedingungen mit angenehmen 20 Grad pfiff der Schiedsrichter p\u00fcnktlich zu 13:00 Uhr zum [&hellip;]<\/p>\n","protected":false},"author":3,"featured_media":0,"comment_status":"closed","ping_status":"closed","sticky":false,"template":"","format":"standard","meta":{"footnotes":""},"categories":[3],"tags":[],"_links":{"self":[{"href":"https:\/\/sw-osterfeine.de\/index.php?rest_route=\/wp\/v2\/posts\/28500"}],"collection":[{"href":"https:\/\/sw-osterfeine.de\/index.php?rest_route=\/wp\/v2\/posts"}],"about":[{"href":"https:\/\/sw-osterfeine.de\/index.php?rest_route=\/wp\/v2\/types\/post"}],"author":[{"embeddable":true,"href":"https:\/\/sw-osterfeine.de\/index.php?rest_route=\/wp\/v2\/users\/3"}],"replies":[{"embeddable":true,"href":"https:\/\/sw-osterfeine.de\/index.php?rest_route=%2Fwp%2Fv2%2Fcomments&post=28500"}],"version-history":[{"count":3,"href":"https:\/\/sw-osterfeine.de\/index.php?rest_route=\/wp\/v2\/posts\/28500\/revisions"}],"predecessor-version":[{"id":28504,"href":"https:\/\/sw-osterfeine.de\/index.php?rest_route=\/wp\/v2\/posts\/28500\/revisions\/28504"}],"wp:attachment":[{"href":"https:\/\/sw-osterfeine.de\/index.php?rest_route=%2Fwp%2Fv2%2Fmedia&parent=28500"}],"wp:term":[{"taxonomy":"category","embeddable":true,"href":"https:\/\/sw-osterfeine.de\/index.php?rest_route=%2Fwp%2Fv2%2Fcategories&post=28500"},{"taxonomy":"post_tag","embeddable":true,"href":"https:\/\/sw-osterfeine.de\/index.php?rest_route=%2Fwp%2Fv2%2Ftags&post=28500"}],"curies":[{"name":"wp","href":"https:\/\/api.w.org\/{rel}","templated":true}]}}