{"id":28553,"date":"2021-09-20T16:00:31","date_gmt":"2021-09-20T14:00:31","guid":{"rendered":"https:\/\/sw-osterfeine.de\/?p=28553"},"modified":"2021-09-20T16:01:59","modified_gmt":"2021-09-20T14:01:59","slug":"bericht-pokalspiel-1-b-jugend","status":"publish","type":"post","link":"https:\/\/sw-osterfeine.de\/?p=28553","title":{"rendered":"Bericht Pokalspiel 1.B-Jugend"},"content":{"rendered":"\n<p>SW Osterfeine \u2013 RW Damme II 5:0<\/p>\n<p>Geschafft! Die erste Pokalrunde wurde erfolgreich bestritten und wir sind weiterhin im Wettbewerb vertreten.<\/p>\n<p>Gegen unseren Lokalrivalen RW Damme II konnten wir uns auf dem heimischen Osterfeiner Sportgel\u00e4nde vor zahlreichen Zuschauern beweisen und zogen dadurch in die n\u00e4chste Pokalrunde ein.<\/p>\n<p>Das verlorene Testspiel wollten wir vergessen machen und dies sollte uns eindrucksvoll gelingen. Matchwinner Benny Olberding konnte dabei drei Mal ins gegnerische Geh\u00e4use treffen und kn\u00fcpfte damit an seine Leistungen in der Liga an. Bereits in der vierten Minute klingelte es das erste Mal, als Harry ihn relativ zentral am 16er anspielte und er nach kurzer Drehung den Torreigen er\u00f6ffnete. Anschlie\u00dfend spielten wir einige Male gef\u00e4llig nach vorne, konnten unsere Gelegenheiten jedoch nicht in Z\u00e4hlbares umm\u00fcnzen. Erst in der 28. Minute war es erneut Benny, der nach einem abgeblockten Schuss von Tom blitzschnell reagierte und die Kugel aus 25 Metern \u00fcber die Verteidiger und den herausgeeilten Torh\u00fcter hob und den Spielstand auf 2:0 schraubte. Noch vor der Pause machte er den lupenreinen Hattrick perfekt und nutzte ein Anspiel von Max aus 18 Metern zum 3:0 Pausenstand.<\/p>\n<p>Nach der Pause wollten wir die R\u00e4ume, die sich aufgrund des Spielstandes zwangsl\u00e4ufig ergeben mussten nutzen und vor allem endlich mal ein Spiel ohne Gegentor beenden. Letzteres stellte unsere erneut \u00fcber weite Strecken extrem sichere Defensive mit einem \u00fcberragend aufgelegten Moritz Sonnen im R\u00fccken sicher. Ersteres sollte uns ebenfalls gelingen. In der 52. Minute brachte Benny eine zun\u00e4chst abgewehrte Ecke noch einmal gef\u00e4hrlich vor das Tor, wo Henry \u201eHarry\u201c Nordmann goldrichtig stand und das 4:0 markierte. F\u00fcnf Minuten vor Ablauf der regul\u00e4ren Spielzeit war es dann Tim K, der einen abgewehrten Schuss von Mattes zum 5:0 Endstand \u00fcber die Linie dr\u00fcckte.<\/p>\n<p>Nun warten wir mal ab, auf welchen Gegner wir uns in Pokalrunde Nummer zwei freuen d\u00fcrfen. Bis dahin wollen wir erstmal den Schwung mitnehmen und nach einem spielfreien Wochenende SFN Vechta die Grenzen aufzeigen.<\/p>\n<p>Ein riesiges Dankesch\u00f6n geht an alle Unterst\u00fctzer auf der Trib\u00fcne, sowie Petra und Uschi f\u00fcr die wieder einmal ausgezeichneten Mantaplatten. So freut man sich doch auf jedes Heimspiel.<\/p>\n<p>\u00a0<\/p>\n<p>Mit freundlichen Gr\u00fc\u00dfen<\/p>\n<p>Coach P.<\/p>\n<p>Aufstellung: \u00a0\u00a0\u00a0\u00a0\u00a0\u00a0\u00a0\u00a0\u00a0\u00a0\u00a0\u00a0\u00a0\u00a0\u00a0\u00a0\u00a0\u00a0\u00a0\u00a0\u00a0\u00a0\u00a0\u00a0\u00a0\u00a0\u00a0\u00a0\u00a0\u00a0\u00a0\u00a0\u00a0\u00a0\u00a0\u00a0\u00a0\u00a0\u00a0\u00a0\u00a0\u00a0\u00a0\u00a0\u00a0\u00a0\u00a0\u00a0\u00a0 M. Sonnen<\/p>\n<p>\u00a0 \u00a0 \u00a0 \u00a0 \u00a0 \u00a0 \u00a0 \u00a0 \u00a0 \u00a0 \u00a0 \u00a0 \u00a0 \u00a0 \u00a0 \u00a0 \u00a0 \u00a0J. Brokamp\u00a0 \u00a0 \u00a0 \u00a0 M.-J. St\u00e4rk\u00a0\u00a0\u00a0\u00a0\u00a0\u00a0\u00a0\u00a0\u00a0 M. Otte\u00a0\u00a0\u00a0\u00a0\u00a0\u00a0\u00a0\u00a0\u00a0\u00a0\u00a0\u00a0\u00a0\u00a0 J. Kohake<\/p>\n<p>\u00a0 \u00a0 \u00a0 \u00a0 \u00a0 \u00a0 \u00a0 \u00a0 \u00a0 \u00a0 \u00a0 \u00a0 \u00a0 \u00a0 \u00a0 \u00a0 \u00a0 \u00a0 \u00a0 \u00a0 \u00a0 \u00a0 \u00a0 \u00a0 \u00a0 \u00a0 \u00a0 \u00a0 \u00a0 \u00a0 \u00a0 M. Glandorf\u00a0 \u00a0 \u00a0M. Maue<\/p>\n<p>\u00a0 \u00a0 \u00a0 \u00a0 \u00a0 \u00a0 \u00a0 \u00a0 \u00a0 \u00a0 \u00a0 \u00a0 \u00a0 \u00a0 \u00a0 T. Fischer\u00a0 \u00a0 \u00a0 \u00a0 \u00a0 \u00a0 \u00a0 \u00a0 \u00a0 \u00a0 \u00a0 \u00a0 \u00a0 B. Olberding\u00a0\u00a0\u00a0\u00a0\u00a0\u00a0\u00a0\u00a0\u00a0\u00a0\u00a0\u00a0\u00a0\u00a0\u00a0\u00a0\u00a0\u00a0\u00a0\u00a0\u00a0 H. Nordmann<\/p>\n<p>\u00a0 \u00a0 \u00a0 \u00a0 \u00a0 \u00a0 \u00a0 \u00a0 \u00a0 \u00a0 \u00a0 \u00a0 \u00a0 \u00a0 \u00a0 \u00a0 \u00a0 \u00a0 \u00a0 \u00a0 \u00a0 \u00a0 \u00a0 \u00a0 \u00a0 \u00a0 \u00a0 \u00a0 \u00a0 \u00a0 \u00a0 \u00a0 \u00a0 \u00a0 \u00a0 \u00a0T. Neteler<\/p>\n<p>Bank: T. Kreinest, N. Kramer, L. Hanker, L. Dalinghaus<\/p>\n<p>\u00a0<\/p>\n","protected":false},"excerpt":{"rendered":"<p>SW Osterfeine \u2013 RW Damme II 5:0 Geschafft! Die erste Pokalrunde wurde erfolgreich bestritten und wir sind weiterhin im Wettbewerb vertreten. Gegen unseren Lokalrivalen RW Damme II konnten wir uns auf dem heimischen Osterfeiner Sportgel\u00e4nde vor zahlreichen Zuschauern beweisen und zogen dadurch in die n\u00e4chste Pokalrunde ein. Das verlorene Testspiel wollten wir vergessen machen und [&hellip;]<\/p>\n","protected":false},"author":3,"featured_media":0,"comment_status":"closed","ping_status":"closed","sticky":false,"template":"","format":"standard","meta":{"footnotes":""},"categories":[3],"tags":[],"_links":{"self":[{"href":"https:\/\/sw-osterfeine.de\/index.php?rest_route=\/wp\/v2\/posts\/28553"}],"collection":[{"href":"https:\/\/sw-osterfeine.de\/index.php?rest_route=\/wp\/v2\/posts"}],"about":[{"href":"https:\/\/sw-osterfeine.de\/index.php?rest_route=\/wp\/v2\/types\/post"}],"author":[{"embeddable":true,"href":"https:\/\/sw-osterfeine.de\/index.php?rest_route=\/wp\/v2\/users\/3"}],"replies":[{"embeddable":true,"href":"https:\/\/sw-osterfeine.de\/index.php?rest_route=%2Fwp%2Fv2%2Fcomments&post=28553"}],"version-history":[{"count":3,"href":"https:\/\/sw-osterfeine.de\/index.php?rest_route=\/wp\/v2\/posts\/28553\/revisions"}],"predecessor-version":[{"id":28565,"href":"https:\/\/sw-osterfeine.de\/index.php?rest_route=\/wp\/v2\/posts\/28553\/revisions\/28565"}],"wp:attachment":[{"href":"https:\/\/sw-osterfeine.de\/index.php?rest_route=%2Fwp%2Fv2%2Fmedia&parent=28553"}],"wp:term":[{"taxonomy":"category","embeddable":true,"href":"https:\/\/sw-osterfeine.de\/index.php?rest_route=%2Fwp%2Fv2%2Fcategories&post=28553"},{"taxonomy":"post_tag","embeddable":true,"href":"https:\/\/sw-osterfeine.de\/index.php?rest_route=%2Fwp%2Fv2%2Ftags&post=28553"}],"curies":[{"name":"wp","href":"https:\/\/api.w.org\/{rel}","templated":true}]}}