{"id":28556,"date":"2021-09-20T18:48:44","date_gmt":"2021-09-20T16:48:44","guid":{"rendered":"https:\/\/sw-osterfeine.de\/?p=28556"},"modified":"2021-09-20T18:48:44","modified_gmt":"2021-09-20T16:48:44","slug":"fussball-iii-herren-spieltage-7-8-und-9","status":"publish","type":"post","link":"https:\/\/sw-osterfeine.de\/?p=28556","title":{"rendered":"Fu\u00dfball III. Herren: Spieltage 7, 8 und 9"},"content":{"rendered":"\n<p>Spieltag 7:<br \/><br \/>Liebe Schwarz-Wei\u00dfe Sportgemeinde,<br \/><br \/>auf der Suche nach den n\u00e4chsten 3 Punkten sind wir in Handorf-Langenberg f\u00fcndig geworden. Zur Unterst\u00fctzung stand uns der zweite Anzug vom SV H-L zur Seite. Formation:<br \/><br \/>C. Meyer &#8211; C. bei der Hake, F. Niehues (C), M. Rolfsen, T. Fangmann &#8211; J. Lampe, J. Riesenbeck (46. J. Heye-Enneking) &#8211; H. St\u00fchrenberg (82. A. Meyer), P. Rusche, L. Grote (58. J. St\u00f6ppelmann, 73. P. Kubik) &#8211; J. Krebeck<br \/><br \/>Wie beginnt so ein Kreisklassenspiel? Lange Flaute, keine Chancen, leichte Unordnung. Umso sch\u00f6ner, dass Proppen in der 29. Min. das 1:0 erzielte (Vorlage &#8222;Stecknadel&#8220; Hannes). Kurz vorm Pausentee wollte Justus nochmal pr\u00fcfen, wie das Langenberger Aluminium klingt (45. Min. Lattenschuss). In der zweiten Halbzeit kamen kaum H\u00f6hepunkte zustande. Zum Gl\u00fcck konnte Proppen in der 88. Min. sein zweites Tor machen. 2 Tore Proppen, wie das geht ist nicht einfach zu beschreiben. Schaut es euch selbst an, das wird sicher nicht das letzte Mal passiert sein. Das 2. Tor brauchten wir auch, denn die Langenberger hatten auch Bock auf ein Tor (90&#8217;+2). Danach war Abpfiff. Endstand 2:1.<br \/><br \/>Die fu\u00dfballerische Oper endete erfolgreiche. Doch das sch\u00f6nste an der Oper sind die Stimmen. Genie\u00dfen wir den Kommentar von Jan Riesenbeck: &#8222;Gelungener Abend! Drei Punkte und eine geschenkte Mannschaftsfritte aus Langenberg abeholt.&#8220; Das n\u00e4chste Spiel findet am Mittwoch, den 15.09.2021 um 19:30, zuhause gegen TUS B-W Lohne IV statt. Bis dahin bleibt gesund und munter.<br \/><br \/><br \/><br \/><br \/>Spieltag 8:<br \/><br \/>Liebe Schwarz-Wei\u00dfe Sportgemeinde,<br \/><br \/>Heimspiel gegen die Vierte von BW Lohne. Die Partie wollten wir nat\u00fcrlich gewinnen und mussten eigentlich nur deren Offensive lahm legen (\u00d8 3 Tore pro Spiel). Die Aufstellung f\u00fcr diese Mission kann hier nachvollzogen werden:<br \/><br \/>C. Meyer &#8211; J. St\u00f6ppelmann, F. Niehues (C), M. Rolfsen (72. H. Kampsen), S. Dammeyer (46. C. bei der Hake) &#8211; J. Lampe, J. Heye-Enneking &#8211; A. Meyer (53. M. Kampsen), P. Rusche, J. Krebeck &#8211; P. Kubik<br \/><br \/>Spielverlauf:<br \/>07. Min. 1:0 Proppen (\u00fcber links nach Einwurf Justus)<br \/>45. Min. 1:1<br \/>46. Min. 2:1 Pawel (Proppen auf Justus, Latte, Abstauber Pawel)<br \/>51. Min. 2:2<br \/>74. Min. 3:2 Pawel (Vorlage Max)<br \/>78. Min. 3:3<br \/><br \/>Tore schie\u00dfen f\u00e4llt uns nicht schwer. Tore zu bekommen leider auch. Auf beiden Seiten wurden sogar noch Chancen liegen gelassen (f\u00fcr SWO: Adi, Proppen, Justus, Flo, Pawel \/ auf der anderen Seite Paraden von Anwalt). Zum Ende der Partie wurde es noch ein bisschen hitzig. Auf einem Mittwochabend in einem Kreisklassenspiel sollte man auch bis zum Schluss ruhig bleiben. Nun geht es am Sonntag, den 19.09.2021, um 13 Uhr zum n\u00e4chsten Heimerfolg gegen SV SW Kroge-Ehrend. II. Bis dahin bleibt gesund und munter.<br \/><br \/><br \/><br \/><br \/>Spieltag 9:<br \/><br \/>Liebe Schwarz-Wei\u00dfe Sportgemeinde,<br \/><br \/>p\u00fcnktlich vor Spielbeginn begr\u00fc\u00dften wir unseren Gast SV SW Kroge-Ehrend. II und staunten nicht schlecht. Alleine f\u00fcr die Reservebank br\u00e4uchte man mindestens 2 Autos. Neun Leute nahmen zun\u00e4chst Platz. Wir liefen folgenderma\u00dfen auf:<br \/><br \/>C. Meyer &#8211; C. bei der Hake, F. Niehues (C), M. Rolfsen (82. H. Kampsen), T. Fangmann &#8211; J. Lampe, J. Riesenbeck &#8211; J. Krebeck (55. A. Meyer), P. Rusche (58. H. Kuhlmann), F. gr. Hackmann &#8211; J. Heye-Enneking (90. W. Mantai)<br \/><br \/>Spielverlauf:<br \/>04. Min. 1:0 Justus (im 16er bei herauslaufenden Keeper \u00dcbersicht behalten)<br \/>20. Min. 1:1<br \/>90. Min. 2:1 Buddy (Abstauber nach Kopfball Flo Niehues)<br \/><br \/>Zun\u00e4chst sind wir mit der F\u00fchrung gut gestartet. Dann haben wir aber wieder um ein Gegentor gebeten. Anwalt konnte erst noch 2x b\u00e4renstark parieren, blieb aber beim dritten Versuch ohne Chance. Nachdem wir dann aufgeh\u00f6rt haben kompliziert zu spielen, hatten wir Top Gelegenheiten und h\u00e4tten wieder in F\u00fchrung gehen m\u00fcssen. Sch\u00f6nen Gru\u00df an dieser Stelle an Proppen (mit Augenzwinkern). In der zweiten H\u00e4lfte hatten wir dann ein wenig mit Verletzungspech zu k\u00e4mpfen und spielten uns kaum Torchancen heraus. Ohne Sieg wollten wir das Spiel aber nicht beenden, daher geschah noch das 2:1 in der letzten Minute. Kurz danach vergab Hacki noch das sichere 3:1 mehr als kl\u00e4glich. Danach war Schluss.<br \/><br \/>Mit weiteren 3 Punkten in der Tasche und den letzten vielen Spielen, k\u00f6nnen wir uns nun erstmal wieder auf das Training fokussieren. Die Jagd nach weiteren Punkten geht am Freitag, den 24.09.2021, um 19:30 Uhr beim TV Dinklage III weiter. Bis dahin bleibt gesund und munter.<br \/><br \/>Gru\u00df<br \/>SW Osterfeine III<\/p>\n<p>\u00a0<\/p>\n\n\t\t<style type=\"text\/css\">\n\t\t\t#gallery-1 {\n\t\t\t\tmargin: auto;\n\t\t\t}\n\t\t\t#gallery-1 .gallery-item {\n\t\t\t\tfloat: left;\n\t\t\t\tmargin-top: 10px;\n\t\t\t\ttext-align: center;\n\t\t\t\twidth: 33%;\n\t\t\t}\n\t\t\t#gallery-1 img {\n\t\t\t\tborder: 2px solid #cfcfcf;\n\t\t\t}\n\t\t\t#gallery-1 .gallery-caption {\n\t\t\t\tmargin-left: 0;\n\t\t\t}\n\t\t\t\/* see gallery_shortcode() in wp-includes\/media.php *\/\n\t\t<\/style>\n\t\t<div id='gallery-1' class='gallery galleryid-28556 gallery-columns-3 gallery-size-thumbnail'><dl class='gallery-item'>\n\t\t\t<dt class='gallery-icon portrait'>\n\t\t\t\t<a href='https:\/\/sw-osterfeine.de\/wp-content\/uploads\/2021\/09\/3.-herren-1.jpeg' title=\"\" data-rl_title=\"\" class=\"rl-gallery-link\" data-rl_caption=\"\" data-rel=\"lightbox-gallery-1\"><img loading=\"lazy\" decoding=\"async\" width=\"150\" height=\"150\" src=\"https:\/\/sw-osterfeine.de\/wp-content\/uploads\/2021\/09\/3.-herren-1-150x150.jpeg\" class=\"attachment-thumbnail size-thumbnail\" alt=\"\" \/><\/a>\n\t\t\t<\/dt><\/dl><dl class='gallery-item'>\n\t\t\t<dt class='gallery-icon portrait'>\n\t\t\t\t<a href='https:\/\/sw-osterfeine.de\/wp-content\/uploads\/2021\/09\/Tabelle-3.-Herren.jpeg' title=\"\" data-rl_title=\"\" class=\"rl-gallery-link\" data-rl_caption=\"\" data-rel=\"lightbox-gallery-1\"><img loading=\"lazy\" decoding=\"async\" width=\"150\" height=\"150\" src=\"https:\/\/sw-osterfeine.de\/wp-content\/uploads\/2021\/09\/Tabelle-3.-Herren-150x150.jpeg\" class=\"attachment-thumbnail size-thumbnail\" alt=\"\" \/><\/a>\n\t\t\t<\/dt><\/dl>\n\t\t\t<br style='clear: both' \/>\n\t\t<\/div>\n\n<p>\u00a0<\/p>\n","protected":false},"excerpt":{"rendered":"<p>Spieltag 7: Liebe Schwarz-Wei\u00dfe Sportgemeinde, auf der Suche nach den n\u00e4chsten 3 Punkten sind wir in Handorf-Langenberg f\u00fcndig geworden. Zur Unterst\u00fctzung stand uns der zweite Anzug vom SV H-L zur Seite. Formation: C. Meyer &#8211; C. bei der Hake, F. Niehues (C), M. Rolfsen, T. Fangmann &#8211; J. Lampe, J. Riesenbeck (46. J. Heye-Enneking) &#8211; [&hellip;]<\/p>\n","protected":false},"author":3,"featured_media":0,"comment_status":"closed","ping_status":"closed","sticky":false,"template":"","format":"standard","meta":{"footnotes":""},"categories":[3],"tags":[],"_links":{"self":[{"href":"https:\/\/sw-osterfeine.de\/index.php?rest_route=\/wp\/v2\/posts\/28556"}],"collection":[{"href":"https:\/\/sw-osterfeine.de\/index.php?rest_route=\/wp\/v2\/posts"}],"about":[{"href":"https:\/\/sw-osterfeine.de\/index.php?rest_route=\/wp\/v2\/types\/post"}],"author":[{"embeddable":true,"href":"https:\/\/sw-osterfeine.de\/index.php?rest_route=\/wp\/v2\/users\/3"}],"replies":[{"embeddable":true,"href":"https:\/\/sw-osterfeine.de\/index.php?rest_route=%2Fwp%2Fv2%2Fcomments&post=28556"}],"version-history":[{"count":2,"href":"https:\/\/sw-osterfeine.de\/index.php?rest_route=\/wp\/v2\/posts\/28556\/revisions"}],"predecessor-version":[{"id":28560,"href":"https:\/\/sw-osterfeine.de\/index.php?rest_route=\/wp\/v2\/posts\/28556\/revisions\/28560"}],"wp:attachment":[{"href":"https:\/\/sw-osterfeine.de\/index.php?rest_route=%2Fwp%2Fv2%2Fmedia&parent=28556"}],"wp:term":[{"taxonomy":"category","embeddable":true,"href":"https:\/\/sw-osterfeine.de\/index.php?rest_route=%2Fwp%2Fv2%2Fcategories&post=28556"},{"taxonomy":"post_tag","embeddable":true,"href":"https:\/\/sw-osterfeine.de\/index.php?rest_route=%2Fwp%2Fv2%2Ftags&post=28556"}],"curies":[{"name":"wp","href":"https:\/\/api.w.org\/{rel}","templated":true}]}}