{"id":28572,"date":"2021-09-27T09:05:08","date_gmt":"2021-09-27T07:05:08","guid":{"rendered":"https:\/\/sw-osterfeine.de\/?p=28572"},"modified":"2021-09-27T09:05:08","modified_gmt":"2021-09-27T07:05:08","slug":"fussball-swo-ii","status":"publish","type":"post","link":"https:\/\/sw-osterfeine.de\/?p=28572","title":{"rendered":"Fu\u00dfball: SWO II"},"content":{"rendered":"\n<p>Nach einem erk\u00e4mpften, aber durchaus auch verdientem Punktgewinn am Mittwochabend wollten wir am Sonntag an die gute Leistung ankn\u00fcpfen und waren voller Tatendrang, gegen Neuenkirchen einen Heim-Dreier einzufahren.<\/p>\n<p>Die Neunkirchener waren mit 13 Z\u00e4hlern aus 8 Spielen gut in die Serie gestartet. Dennoch hatten wir die ersten \u201eHalbchancen\u201c im Spiel durch Simon (6\u2018) oder Sebi, der den Ball nach einer gegnerischen Ecke von Alex in den Lauf gespielt bekommt, diesen aber in der 2ten Etage unterbrachte (16\u2018). In der 27. Spielminute machten wir uns das Leben dann selber schwer und verloren den Ball durch Henning Bley leichtsinnig im Aufbau. Die Neuenkirchener spielten es dann schnell. Den Abschluss von Peter Sedlik kann unser Schlussmann nicht mehr parieren, und so stand es dann 0:1. Ab diesem Zeitpunkt hatten wir keinen Zugriff mehr im Spiel und zudem noch Gl\u00fcck, als in der 38. Minute ein Freisto\u00df der Neuenkirchener nur an unserem Gest\u00e4nge und nicht im Netz landete. Bis zur Pause passierte nichts Nennenswertes mehr. In der Zweiten Halbzeit wollten wir das Spiel neu anpacken und zeigten uns auch mit verbesserter Leistung. <!--more-->Durch eine gef\u00e4hrliche Ecke und ein wenig Unruhe im Strafraum hatten wir die erste Chance der Halbzeit, bei der der Ball dann auf der Linie der G\u00e4ste gekl\u00e4rt wurde. In der 78. Minute gan es dann eine strittige Szene: Unser St\u00fcrmer Guliano \u201eTotti\u201c Pagano kam nach einem langen Ball vor dem Schlussmann der Neuenkirchener an den Ball, wird dann aber von ihm von den Beinen geholt. Anstatt auf Notbremse entschied der Schiedsrichter ungl\u00fccklicherweise auf St\u00fcrmerfoul. Doch in der 84. Minute kam dann die Erl\u00f6sung durch Sebi, unser Joker \u201eJocab\u201c legte von der rechten Seite quer, Sebi nahm den Ball an und schloss dann gezielt aus 11m ins untere linke Eck ab. Leider konnten wir das 1:1 nicht \u00fcber die Zeit bringen, in der 89. Minute gab es nochmal Ecke f\u00fcr Neuenkirchen. Diese konnte von uns zun\u00e4chst auf der Linie gekl\u00e4rt werden, allerdings landete der Kl\u00e4rungsversuch bei einem Neuenkirchener, der den Ball dann in die Maschen schob. In der Nachspielzeit gab es noch einmal die Chance auf 1:3 zu erh\u00f6hen, der landete allerdings an der Latte. Danach ist Schluss.<\/p>\n<p>Mit dieser Leistung k\u00f6nnte es im Kreispokalspiel am 29.09 zuhause gegen Langf\u00f6rden schwer werden. Priorit\u00e4t hat allerdings das Kreisliga-Kellerduell gegen die Reserve von Brockdorf am Samstagabend (02.09) ebenfalls auf eigenem Gel\u00e4uf.<\/p>\n<p>Sportliche Gr\u00fc\u00dfe, die ll.<\/p>\n","protected":false},"excerpt":{"rendered":"<p>Nach einem erk\u00e4mpften, aber durchaus auch verdientem Punktgewinn am Mittwochabend wollten wir am Sonntag an die gute Leistung ankn\u00fcpfen und waren voller Tatendrang, gegen Neuenkirchen einen Heim-Dreier einzufahren. Die Neunkirchener waren mit 13 Z\u00e4hlern aus 8 Spielen gut in die Serie gestartet. Dennoch hatten wir die ersten \u201eHalbchancen\u201c im Spiel durch Simon (6\u2018) oder Sebi, [&hellip;]<\/p>\n","protected":false},"author":3,"featured_media":0,"comment_status":"closed","ping_status":"closed","sticky":false,"template":"","format":"standard","meta":{"footnotes":""},"categories":[3],"tags":[],"_links":{"self":[{"href":"https:\/\/sw-osterfeine.de\/index.php?rest_route=\/wp\/v2\/posts\/28572"}],"collection":[{"href":"https:\/\/sw-osterfeine.de\/index.php?rest_route=\/wp\/v2\/posts"}],"about":[{"href":"https:\/\/sw-osterfeine.de\/index.php?rest_route=\/wp\/v2\/types\/post"}],"author":[{"embeddable":true,"href":"https:\/\/sw-osterfeine.de\/index.php?rest_route=\/wp\/v2\/users\/3"}],"replies":[{"embeddable":true,"href":"https:\/\/sw-osterfeine.de\/index.php?rest_route=%2Fwp%2Fv2%2Fcomments&post=28572"}],"version-history":[{"count":1,"href":"https:\/\/sw-osterfeine.de\/index.php?rest_route=\/wp\/v2\/posts\/28572\/revisions"}],"predecessor-version":[{"id":28573,"href":"https:\/\/sw-osterfeine.de\/index.php?rest_route=\/wp\/v2\/posts\/28572\/revisions\/28573"}],"wp:attachment":[{"href":"https:\/\/sw-osterfeine.de\/index.php?rest_route=%2Fwp%2Fv2%2Fmedia&parent=28572"}],"wp:term":[{"taxonomy":"category","embeddable":true,"href":"https:\/\/sw-osterfeine.de\/index.php?rest_route=%2Fwp%2Fv2%2Fcategories&post=28572"},{"taxonomy":"post_tag","embeddable":true,"href":"https:\/\/sw-osterfeine.de\/index.php?rest_route=%2Fwp%2Fv2%2Ftags&post=28572"}],"curies":[{"name":"wp","href":"https:\/\/api.w.org\/{rel}","templated":true}]}}