{"id":28580,"date":"2021-09-27T11:31:52","date_gmt":"2021-09-27T09:31:52","guid":{"rendered":"https:\/\/sw-osterfeine.de\/?p=28580"},"modified":"2021-09-27T11:32:22","modified_gmt":"2021-09-27T09:32:22","slug":"duemmerlauf-baldiger-anmeldeschluss","status":"publish","type":"post","link":"https:\/\/sw-osterfeine.de\/?p=28580","title":{"rendered":"D\u00fcmmerlauf-baldiger Anmeldeschluss"},"content":{"rendered":"\n<p>Bald ist es wieder soweit! Unser 8. D\u00fcmmerlauf startet am 03.10.2021!<\/p>\n<p>Anders als in vorherigen Jahren ist eine <strong>Voranmeldung zwingend erforderlich.<\/strong> Bis zum 30.09.2021 m\u00fcssen Sie sich unter www.laufen-os.de anmelden, um am 8.Osterfeiner SgH D\u00fcmmerlauf teilnehmen zu k\u00f6nnen.<\/p>\n<p>Die Distanzen, die gelaufen werden k\u00f6nnen, sind 18 km, 10 km, 6,6 km und der 3 km Kinderlauf. Die Nordic Walking Strecke betr\u00e4gt 6,6 km.<\/p>\n<p>Nun noch schnell anmelden, Laufschuhe an und am 03.10 dabei sein!<\/p>\n","protected":false},"excerpt":{"rendered":"<p>Bald ist es wieder soweit! Unser 8. D\u00fcmmerlauf startet am 03.10.2021! Anders als in vorherigen Jahren ist eine Voranmeldung zwingend erforderlich. Bis zum 30.09.2021 m\u00fcssen Sie sich unter www.laufen-os.de anmelden, um am 8.Osterfeiner SgH D\u00fcmmerlauf teilnehmen zu k\u00f6nnen. Die Distanzen, die gelaufen werden k\u00f6nnen, sind 18 km, 10 km, 6,6 km und der 3 km [&hellip;]<\/p>\n","protected":false},"author":3,"featured_media":0,"comment_status":"closed","ping_status":"closed","sticky":false,"template":"","format":"standard","meta":{"footnotes":""},"categories":[38],"tags":[],"_links":{"self":[{"href":"https:\/\/sw-osterfeine.de\/index.php?rest_route=\/wp\/v2\/posts\/28580"}],"collection":[{"href":"https:\/\/sw-osterfeine.de\/index.php?rest_route=\/wp\/v2\/posts"}],"about":[{"href":"https:\/\/sw-osterfeine.de\/index.php?rest_route=\/wp\/v2\/types\/post"}],"author":[{"embeddable":true,"href":"https:\/\/sw-osterfeine.de\/index.php?rest_route=\/wp\/v2\/users\/3"}],"replies":[{"embeddable":true,"href":"https:\/\/sw-osterfeine.de\/index.php?rest_route=%2Fwp%2Fv2%2Fcomments&post=28580"}],"version-history":[{"count":4,"href":"https:\/\/sw-osterfeine.de\/index.php?rest_route=\/wp\/v2\/posts\/28580\/revisions"}],"predecessor-version":[{"id":28584,"href":"https:\/\/sw-osterfeine.de\/index.php?rest_route=\/wp\/v2\/posts\/28580\/revisions\/28584"}],"wp:attachment":[{"href":"https:\/\/sw-osterfeine.de\/index.php?rest_route=%2Fwp%2Fv2%2Fmedia&parent=28580"}],"wp:term":[{"taxonomy":"category","embeddable":true,"href":"https:\/\/sw-osterfeine.de\/index.php?rest_route=%2Fwp%2Fv2%2Fcategories&post=28580"},{"taxonomy":"post_tag","embeddable":true,"href":"https:\/\/sw-osterfeine.de\/index.php?rest_route=%2Fwp%2Fv2%2Ftags&post=28580"}],"curies":[{"name":"wp","href":"https:\/\/api.w.org\/{rel}","templated":true}]}}