{"id":28589,"date":"2021-09-28T15:14:49","date_gmt":"2021-09-28T13:14:49","guid":{"rendered":"https:\/\/sw-osterfeine.de\/?p=28589"},"modified":"2021-09-28T17:49:17","modified_gmt":"2021-09-28T15:49:17","slug":"ferienbetreuung-im-herbst","status":"publish","type":"post","link":"https:\/\/sw-osterfeine.de\/?p=28589","title":{"rendered":"Boge-Ferienbetreuung im Herbst"},"content":{"rendered":"\n<p>Die Herbstferien r\u00fccken n\u00e4her und damit beginnt auch bald wieder unsere Ferienbetreuung. Vom 18.10.-22.10.2021 bieten wir euch ein abwechslungsreiches Spiel- und Sportprogramm. Es gibt leckeres Mittagessen sowie Obst f\u00fcr zwischendurch. Von 8 bis 16 Uhr k\u00f6nnt ihr euch gemeinsam mit uns auspowern und viel Spa\u00df haben.<\/p>\n<p>Du hast Lust auf eine coole Woche in den Herbstferien? Dann melde dich jetzt mit deinen Freunden an!Das Anmeldeformular findet ihr oben rechts auf unserer Homepage.<\/p>\n","protected":false},"excerpt":{"rendered":"<p>Die Herbstferien r\u00fccken n\u00e4her und damit beginnt auch bald wieder unsere Ferienbetreuung. Vom 18.10.-22.10.2021 bieten wir euch ein abwechslungsreiches Spiel- und Sportprogramm. Es gibt leckeres Mittagessen sowie Obst f\u00fcr zwischendurch. Von 8 bis 16 Uhr k\u00f6nnt ihr euch gemeinsam mit uns auspowern und viel Spa\u00df haben. Du hast Lust auf eine coole Woche in den [&hellip;]<\/p>\n","protected":false},"author":3,"featured_media":0,"comment_status":"closed","ping_status":"closed","sticky":false,"template":"","format":"standard","meta":{"footnotes":""},"categories":[37],"tags":[],"_links":{"self":[{"href":"https:\/\/sw-osterfeine.de\/index.php?rest_route=\/wp\/v2\/posts\/28589"}],"collection":[{"href":"https:\/\/sw-osterfeine.de\/index.php?rest_route=\/wp\/v2\/posts"}],"about":[{"href":"https:\/\/sw-osterfeine.de\/index.php?rest_route=\/wp\/v2\/types\/post"}],"author":[{"embeddable":true,"href":"https:\/\/sw-osterfeine.de\/index.php?rest_route=\/wp\/v2\/users\/3"}],"replies":[{"embeddable":true,"href":"https:\/\/sw-osterfeine.de\/index.php?rest_route=%2Fwp%2Fv2%2Fcomments&post=28589"}],"version-history":[{"count":3,"href":"https:\/\/sw-osterfeine.de\/index.php?rest_route=\/wp\/v2\/posts\/28589\/revisions"}],"predecessor-version":[{"id":28594,"href":"https:\/\/sw-osterfeine.de\/index.php?rest_route=\/wp\/v2\/posts\/28589\/revisions\/28594"}],"wp:attachment":[{"href":"https:\/\/sw-osterfeine.de\/index.php?rest_route=%2Fwp%2Fv2%2Fmedia&parent=28589"}],"wp:term":[{"taxonomy":"category","embeddable":true,"href":"https:\/\/sw-osterfeine.de\/index.php?rest_route=%2Fwp%2Fv2%2Fcategories&post=28589"},{"taxonomy":"post_tag","embeddable":true,"href":"https:\/\/sw-osterfeine.de\/index.php?rest_route=%2Fwp%2Fv2%2Ftags&post=28589"}],"curies":[{"name":"wp","href":"https:\/\/api.w.org\/{rel}","templated":true}]}}