{"id":28592,"date":"2021-09-28T17:48:50","date_gmt":"2021-09-28T15:48:50","guid":{"rendered":"https:\/\/sw-osterfeine.de\/?p=28592"},"modified":"2021-09-28T17:48:50","modified_gmt":"2021-09-28T15:48:50","slug":"termine-boge-ferienbetreuung-2022","status":"publish","type":"post","link":"https:\/\/sw-osterfeine.de\/?p=28592","title":{"rendered":"Termine Boge-Ferienbetreuung 2022"},"content":{"rendered":"\n<p>Die Termine f\u00fcr unsere Boge-Ferienbetreuung im n\u00e4chsten Jahr stehen fest:<\/p>\n<ul>\n<li>Boge-Ferienbetreuung &#8211; Osterferien <br \/>04.04.-08.04.2022<\/li>\n<li>Boge-Ferienbetreuung &#8211; Sommerferien <br \/>08.08.-12.08.2022<\/li>\n<li>Boge-Ferienbetreuung &#8211; Herbstferien <br \/>24.10.-28.10.2022<\/li>\n<\/ul>\n<p>Tragt euch die Termine gerne ein und freut euch schon drauf. \u00dcber die Anmeldungen f\u00fcr die jeweilige Boge-Ferienbetreuung werdet ihr fr\u00fchzeitig \u00fcber unsere Homepage und bei Instagram informiert.<\/p>\n<p>\u00a0<\/p>\n","protected":false},"excerpt":{"rendered":"<p>Die Termine f\u00fcr unsere Boge-Ferienbetreuung im n\u00e4chsten Jahr stehen fest: Boge-Ferienbetreuung &#8211; Osterferien 04.04.-08.04.2022 Boge-Ferienbetreuung &#8211; Sommerferien 08.08.-12.08.2022 Boge-Ferienbetreuung &#8211; Herbstferien 24.10.-28.10.2022 Tragt euch die Termine gerne ein und freut euch schon drauf. \u00dcber die Anmeldungen f\u00fcr die jeweilige Boge-Ferienbetreuung werdet ihr fr\u00fchzeitig \u00fcber unsere Homepage und bei Instagram informiert. \u00a0<\/p>\n","protected":false},"author":3,"featured_media":0,"comment_status":"closed","ping_status":"closed","sticky":false,"template":"","format":"standard","meta":{"footnotes":""},"categories":[37],"tags":[],"_links":{"self":[{"href":"https:\/\/sw-osterfeine.de\/index.php?rest_route=\/wp\/v2\/posts\/28592"}],"collection":[{"href":"https:\/\/sw-osterfeine.de\/index.php?rest_route=\/wp\/v2\/posts"}],"about":[{"href":"https:\/\/sw-osterfeine.de\/index.php?rest_route=\/wp\/v2\/types\/post"}],"author":[{"embeddable":true,"href":"https:\/\/sw-osterfeine.de\/index.php?rest_route=\/wp\/v2\/users\/3"}],"replies":[{"embeddable":true,"href":"https:\/\/sw-osterfeine.de\/index.php?rest_route=%2Fwp%2Fv2%2Fcomments&post=28592"}],"version-history":[{"count":1,"href":"https:\/\/sw-osterfeine.de\/index.php?rest_route=\/wp\/v2\/posts\/28592\/revisions"}],"predecessor-version":[{"id":28593,"href":"https:\/\/sw-osterfeine.de\/index.php?rest_route=\/wp\/v2\/posts\/28592\/revisions\/28593"}],"wp:attachment":[{"href":"https:\/\/sw-osterfeine.de\/index.php?rest_route=%2Fwp%2Fv2%2Fmedia&parent=28592"}],"wp:term":[{"taxonomy":"category","embeddable":true,"href":"https:\/\/sw-osterfeine.de\/index.php?rest_route=%2Fwp%2Fv2%2Fcategories&post=28592"},{"taxonomy":"post_tag","embeddable":true,"href":"https:\/\/sw-osterfeine.de\/index.php?rest_route=%2Fwp%2Fv2%2Ftags&post=28592"}],"curies":[{"name":"wp","href":"https:\/\/api.w.org\/{rel}","templated":true}]}}