{"id":28625,"date":"2021-10-03T11:45:47","date_gmt":"2021-10-03T09:45:47","guid":{"rendered":"https:\/\/sw-osterfeine.de\/?p=28625"},"modified":"2021-10-04T09:24:33","modified_gmt":"2021-10-04T07:24:33","slug":"bericht-1-c-oktober","status":"publish","type":"post","link":"https:\/\/sw-osterfeine.de\/?p=28625","title":{"rendered":"Bericht 1.C Oktober"},"content":{"rendered":"\n<div class=\"toolbar\">\n<div id=\"toolbarContainer\">\n<div id=\"toolbarViewer\">\n<div id=\"toolbarViewerLeft\">\n<div class=\"splitToolbarButton hiddenSmallView\">\n<div class=\"splitToolbarButtonSeparator\">\u00a0<\/div>\n<\/div>\n<button id=\"secondaryToolbarToggle\" class=\"toolbarButton\" tabindex=\"36\" title=\"Werkzeuge\" data-l10n-id=\"tools\" aria-expanded=\"false\" aria-controls=\"secondaryToolbar\"><\/button>C-I-Jugend mit vollem Spielplan&#8230;..<\/div>\n<\/div>\n<\/div>\n<\/div>\n<div id=\"viewerContainer\" tabindex=\"0\">\n<div id=\"viewer\" class=\"pdfViewer\">\n<div class=\"page\" role=\"region\" data-page-number=\"1\" aria-label=\"Seite 1\" data-loaded=\"true\">\n<div>\u00a0<\/div>\n<div class=\"textLayer\"><span dir=\"ltr\" role=\"presentation\">Nach dem ordentlichen Saisonstart in Neuenkirchen stand f\u00fcr unsere Jungs <\/span><br role=\"presentation\" \/><span dir=\"ltr\" role=\"presentation\">der C-I-Jugend die 1. Runde im Kreispokal an. An einem Mittwochabend ging <\/span><br role=\"presentation\" \/><span dir=\"ltr\" role=\"presentation\">es zum klaren Tabellenf\u00fchrer der 1. Kreisklasse nach GW Brockdorf. Unsere <\/span><br role=\"presentation\" \/><span dir=\"ltr\" role=\"presentation\">Jungs waren von den hohen Siegen der Gastgeber gewarnt und spielten von <\/span><br role=\"presentation\" \/><span dir=\"ltr\" role=\"presentation\">Beginn an konzentriert und zogen mit einem 7:2 in die n\u00e4chste Pokalrunde <\/span><br role=\"presentation\" \/><span dir=\"ltr\" role=\"presentation\">ein. Arne Jacob(3), Paul Kreinest(2), Clemens Lapke und Mathis Herferth mit <\/span><br role=\"presentation\" \/><span dir=\"ltr\" role=\"presentation\">je einem Treffer teilten sich dabei die Tore.<\/span><\/div>\n<div>\u00a0<\/div>\n<div class=\"textLayer\"><span dir=\"ltr\" role=\"presentation\">Eine ganz harte Nuss wartete dann am Wochenende mit BW Lohne II auf <\/span><br role=\"presentation\" \/><span dir=\"ltr\" role=\"presentation\">unsere Mannschaft. Bereits in der 4. Minute fingen wir uns einen <\/span><br role=\"presentation\" \/><span dir=\"ltr\" role=\"presentation\">Gegentreffer nach einem Eckball ein. Aber die Jungs der C-I-Jugend lie\u00dfen sich<\/span><br role=\"presentation\" \/><span dir=\"ltr\" role=\"presentation\">nicht entmutigen und \u00fcbernahmen dann f\u00fcr die restliche Spieldauer auf dem <\/span><br role=\"presentation\" \/><span dir=\"ltr\" role=\"presentation\">Kunstrasen zunehmend das Kommando, aber im Toresschluss fehlte an <\/span><br role=\"presentation\" \/><span dir=\"ltr\" role=\"presentation\">diesem Tag einfach das Qu\u00e4ntchen Gl\u00fcck. So dauerte es bis zur 67 <\/span><br role=\"presentation\" \/><span dir=\"ltr\" role=\"presentation\">Spielminute, in der Arne Jacob mit seinem Tor f\u00fcr gro\u00dfen Jubel im OSV-Lager <\/span><br role=\"presentation\" \/><span dir=\"ltr\" role=\"presentation\">sorgte und mit einem 1:1 ging es zur\u00fcck nach Osterfeine.<\/span><\/div>\n<div class=\"textLayer\"><span dir=\"ltr\" role=\"presentation\">In Osterfeine wartete bereits 4 Tage sp\u00e4ter mit der Spielgemeinschaft SG <\/span><br role=\"presentation\" \/><span dir=\"ltr\" role=\"presentation\">Goldenstedt\/Rechterfeld der n\u00e4chste Brocken auf unser Team.<\/span><br role=\"presentation\" \/><span dir=\"ltr\" role=\"presentation\">Motiviert ging unsere Mannschaft auf Platz 1 in die Begegnung und konnte <\/span><br role=\"presentation\" \/><span dir=\"ltr\" role=\"presentation\">sich fr\u00fchzeitig durch 2 Tore von Paul Kreinest einen Vorsprung erarbeiten. Im <\/span><br role=\"presentation\" \/><span dir=\"ltr\" role=\"presentation\">weiteren Spielverlauf verpasste unsere Mannschaft das 3:0 und somit <\/span><br role=\"presentation\" \/><span dir=\"ltr\" role=\"presentation\">steigerte sich der Gast zunehmend und dr\u00e4ngte unsere Mannschaft in die <\/span><br role=\"presentation\" \/><span dir=\"ltr\" role=\"presentation\">Defensive. Sp\u00e4testens mit dem 2:1 Anschlusstreffer der G\u00e4ste begann bei <\/span><br role=\"presentation\" \/><span dir=\"ltr\" role=\"presentation\">unseren Jungs das gro\u00dfe Zittern, doch mit einem enormen Kampfgeist und <\/span><br role=\"presentation\" \/><span dir=\"ltr\" role=\"presentation\">dem Mobilisieren der letzten Kr\u00e4fte konnte der Vorsprung \u00fcber die Zeit <\/span><br role=\"presentation\" \/><span dir=\"ltr\" role=\"presentation\">gerettet werden und mit einem 2:1 Sieg ging es nach Spielende im Spurt in <\/span><br role=\"presentation\" \/><span dir=\"ltr\" role=\"presentation\">kompletter Mannschaftsst\u00e4rke an das kollektive Mannschaftsessen in Form <\/span><br role=\"presentation\" \/><span dir=\"ltr\" role=\"presentation\">der geliebten Mantaplatten. <\/span><\/div>\n<div>\u00a0<\/div>\n<div class=\"textLayer\"><span dir=\"ltr\" role=\"presentation\">Durch einen kurzfristigen Spielausfall war unsere Mannschaft am <\/span><br role=\"presentation\" \/><span dir=\"ltr\" role=\"presentation\">vergangenen Samstag spielfrei. Auch blieb der Samstag trainingsfrei, damit <\/span><br role=\"presentation\" \/><span dir=\"ltr\" role=\"presentation\">unsere Jungs f\u00fcr den Saisonendspurt nochmal richtig Kr\u00e4fte sammeln konnte, <\/span><br role=\"presentation\" \/><span dir=\"ltr\" role=\"presentation\">hie\u00df doch der n\u00e4chste Gegner der stark eingesch\u00e4tzte TUS Lutten.<\/span><br role=\"presentation\" \/><span dir=\"ltr\" role=\"presentation\">Am Ende des Samstages hatten unsere Jungs auch dieses Spiel in die richtige <\/span><br role=\"presentation\" \/><span dir=\"ltr\" role=\"presentation\">Bahn gelenkt. Mit 7:0 und einer Lutter Mantaplatte und einer Kiste Cola von <\/span><br role=\"presentation\" \/><span dir=\"ltr\" role=\"presentation\">Geburtstagskind Henrik Kohake wurde die Heimreise aus dem Nordkreis <\/span>\n<div class=\"endOfContent\">angetreten. Unsere Torh\u00fcter Kevin Grafemeyer und Michel R\u00f6mer hielten<\/div>\n<\/div>\n<\/div>\n<div class=\"page\" role=\"region\" data-page-number=\"2\" aria-label=\"Seite 2\" data-loaded=\"true\">\n<div class=\"textLayer\"><span dir=\"ltr\" role=\"presentation\">ihren Kasten sauber. Mika Kamps machte ein tolles Spiel \u00fcber die gesamte <\/span><br role=\"presentation\" \/><span dir=\"ltr\" role=\"presentation\">Spieldauer und Carl Hillmann musste fr\u00fch f\u00fcr den verletzten Janni Otte <\/span><br role=\"presentation\" \/><span dir=\"ltr\" role=\"presentation\">einspringen und machte als D-Jugendlicher seine Sache ausgezeichnet. Das <\/span><br role=\"presentation\" \/><span dir=\"ltr\" role=\"presentation\">Toreschie\u00dfen \u00fcbernahmen unser Laufwunder Jan-Bernd Putthoff(2), Paul <\/span><br role=\"presentation\" \/><span dir=\"ltr\" role=\"presentation\">Kreinest(2), Arne Jacob(2) und einmal Clemens Lapke. <\/span><\/div>\n<div>\u00a0<\/div>\n<div class=\"textLayer\"><span dir=\"ltr\" role=\"presentation\">Gute Besserung w\u00fcnscht die ganze Mannschaft ihrem Achter Jannis Otte, der <\/span><br role=\"presentation\" \/><span dir=\"ltr\" role=\"presentation\">sich in der 1.Halbzeit verletzte. Hoffen wir, dass Janni bald wieder unser Spiel <\/span><br role=\"presentation\" \/><span dir=\"ltr\" role=\"presentation\">ankurbeln kann. Denn unser n\u00e4chstes Spiel steht schon am Dienstag auf dem <\/span><br role=\"presentation\" \/><span dir=\"ltr\" role=\"presentation\">Programm. Gegner sind dann um 18.30 Uhr im Nachholspiel die Sportfreunde <\/span><br role=\"presentation\" \/><span dir=\"ltr\" role=\"presentation\">von Niedersachsen Vechta, die am Samstag gegen BaCaL\u00fc gewannen. Somit <\/span><br role=\"presentation\" \/><span dir=\"ltr\" role=\"presentation\">d\u00fcrfte unsere Mannschaft ausreichend gewarnt sein, das 1. der letzten 3 <\/span><br role=\"presentation\" \/><span dir=\"ltr\" role=\"presentation\">Saisonspiele konzentriert in Angriff zu nehmen&#8230;&#8230;..<\/span><br role=\"presentation\" \/><span dir=\"ltr\" role=\"presentation\">Wir werden davon berichten&#8230;..<\/span><\/div>\n<div>\u00a0<\/div>\n<div class=\"textLayer\"><span dir=\"ltr\" role=\"presentation\">Eure C-I-Jugend von SWO<\/span><\/div>\n<\/div>\n<\/div>\n<\/div>\n<p><!--more--><\/p>\n<p><!--more--><\/p>\n","protected":false},"excerpt":{"rendered":"<p>\u00a0 C-I-Jugend mit vollem Spielplan&#8230;.. \u00a0 Nach dem ordentlichen Saisonstart in Neuenkirchen stand f\u00fcr unsere Jungs der C-I-Jugend die 1. Runde im Kreispokal an. An einem Mittwochabend ging es zum klaren Tabellenf\u00fchrer der 1. Kreisklasse nach GW Brockdorf. Unsere Jungs waren von den hohen Siegen der Gastgeber gewarnt und spielten von Beginn an konzentriert und [&hellip;]<\/p>\n","protected":false},"author":3,"featured_media":0,"comment_status":"closed","ping_status":"closed","sticky":false,"template":"","format":"standard","meta":{"footnotes":""},"categories":[3],"tags":[],"_links":{"self":[{"href":"https:\/\/sw-osterfeine.de\/index.php?rest_route=\/wp\/v2\/posts\/28625"}],"collection":[{"href":"https:\/\/sw-osterfeine.de\/index.php?rest_route=\/wp\/v2\/posts"}],"about":[{"href":"https:\/\/sw-osterfeine.de\/index.php?rest_route=\/wp\/v2\/types\/post"}],"author":[{"embeddable":true,"href":"https:\/\/sw-osterfeine.de\/index.php?rest_route=\/wp\/v2\/users\/3"}],"replies":[{"embeddable":true,"href":"https:\/\/sw-osterfeine.de\/index.php?rest_route=%2Fwp%2Fv2%2Fcomments&post=28625"}],"version-history":[{"count":4,"href":"https:\/\/sw-osterfeine.de\/index.php?rest_route=\/wp\/v2\/posts\/28625\/revisions"}],"predecessor-version":[{"id":28632,"href":"https:\/\/sw-osterfeine.de\/index.php?rest_route=\/wp\/v2\/posts\/28625\/revisions\/28632"}],"wp:attachment":[{"href":"https:\/\/sw-osterfeine.de\/index.php?rest_route=%2Fwp%2Fv2%2Fmedia&parent=28625"}],"wp:term":[{"taxonomy":"category","embeddable":true,"href":"https:\/\/sw-osterfeine.de\/index.php?rest_route=%2Fwp%2Fv2%2Fcategories&post=28625"},{"taxonomy":"post_tag","embeddable":true,"href":"https:\/\/sw-osterfeine.de\/index.php?rest_route=%2Fwp%2Fv2%2Ftags&post=28625"}],"curies":[{"name":"wp","href":"https:\/\/api.w.org\/{rel}","templated":true}]}}