{"id":28628,"date":"2021-10-04T08:49:29","date_gmt":"2021-10-04T06:49:29","guid":{"rendered":"https:\/\/sw-osterfeine.de\/?p=28628"},"modified":"2021-10-04T08:49:29","modified_gmt":"2021-10-04T06:49:29","slug":"punkteteilung-in-vechta","status":"publish","type":"post","link":"https:\/\/sw-osterfeine.de\/?p=28628","title":{"rendered":"Punkteteilung in Vechta"},"content":{"rendered":"\n<p>Am Samstagabend traten wir zum ersten Ausw\u00e4rtsspiel der Saison an. F\u00fcr uns ging es in die Kreisstatt, Gegner war die Drittliga-Reserve von SFN Vechta.<\/p>\n<p>Wir legten einen ganz guten Start hin und konnten als erstes bis zur 5. Minute mit 4:2 in F\u00fchrung gehen. Dann gelang uns jedoch 5 Minuten mehr kein Tor und Vechta legte dagegen eine 5:0 Serie hin und drehte das Spiel auf 4:7. Grund daf\u00fcr waren Unkonzentriertheiten im Angriff, die die Gegner zu Gegenst\u00f6\u00dfen einluden. Bis zur\u00a0 20. Minute haben wir uns wieder berappelt und konnten wieder auf 9:9 ausgleichen. Zwar legte Vechta immer wieder ein oder zwei Tore vor, aber wir zogen nach, sodass sich das erwartete enge Spiel fortsetzte. Auf unserer Seite mussten wir bereits in der ersten Halbzeit vier Zweiminutenstrafen einstecken (Vechta eine). Wir agierten in der Abwehr h\u00e4ufig zu sp\u00e4t und die Gegner bestraften die kleinsten L\u00fccken. Einer k\u00e4mpferischen Leistung und guter Torwartleistung war es zu verdanken, dass Vechta sich nicht absetzen konnte und wir mit 14:14 in die Halbzeitpause gingen.<!--more--><\/p>\n<p>Nach der Pause lag Vechta bis zur 43. Minute immer wieder mit 1-2 Toren vorne. Durch eine 4:0-Serie drehten wir das Spiel dann ab der 44. Minute und konnten diesen Vorsprung bis kurz vor Schluss halten. Auch eine fragw\u00fcrdige rote Karte gegen Franzi im Tor brachte uns nicht aus dem Konzept. In der 52. Minute stand es 24:22 f\u00fcr uns, woraufhin Vechta nochmal auf 24:24 bis zur der 56. Minute ausgleichen konnte. In der 59. Minute wurde Vechta erneut ein 7m zugesprochen, aber an Frauke war kein Vorbeikommen. In der letzten Minute waren wir im Angriff und hatten an sich alles in der Hand. Leider wollte in dem Moment aber keiner wirklich Verantwortung \u00fcbernehmen, was dazu f\u00fchrte, dass uns 8 Sekunden vor Schluss berechtigterweise Zeitspiel abgepfiffen wurde und Vechta nochmal einen Gegensto\u00df laufen konnte. Aber zum Gl\u00fcck hatten wir Frauke im Tor, die den letzten Wurf grandios hielt und somit zum Matchwinner wurde und das Unentschieden festhielt.<\/p>\n<p>Am Ende kann man von einer gerechten Punkteteilung sprechen. Die F\u00fchrung wechselte immer wieder und keine Mannschaft konnte sich entscheidend absetzen. Wir wurden auch mit 6:1 Zeitstrafen und 8:3 7m gegen uns fertig und zeigten das gesamte Spiel \u00fcber eine erneut starke k\u00e4mpferische Leistung. Jetzt haben wir bis zum 30.10. um 18:30 Uhr Zeit, an unseren Potenzialen zu arbeiten, ehe wir dann die Damen von Vorw\u00e4rts Nordhorn empfangen. Wir w\u00fcrden uns freuen, wenn ihr uns auch dann wieder tatkr\u00e4ftig unterst\u00fctzt und uns von der Tribune aus anfeuert.<\/p>\n<p>Bis dahin,<\/p>\n<p>Die 1. Damen<\/p>\n<p>\u00a0<\/p>\n<p>Tore: Lisa, Anna, Steffi, Hannah (je 4), Lulu, Julia (je 3), Franzi, Charly (je 1)<\/p>\n<p>\u00a0<\/p>\n","protected":false},"excerpt":{"rendered":"<p>Am Samstagabend traten wir zum ersten Ausw\u00e4rtsspiel der Saison an. F\u00fcr uns ging es in die Kreisstatt, Gegner war die Drittliga-Reserve von SFN Vechta. Wir legten einen ganz guten Start hin und konnten als erstes bis zur 5. Minute mit 4:2 in F\u00fchrung gehen. Dann gelang uns jedoch 5 Minuten mehr kein Tor und Vechta [&hellip;]<\/p>\n","protected":false},"author":3,"featured_media":0,"comment_status":"closed","ping_status":"closed","sticky":false,"template":"","format":"standard","meta":{"footnotes":""},"categories":[1],"tags":[],"_links":{"self":[{"href":"https:\/\/sw-osterfeine.de\/index.php?rest_route=\/wp\/v2\/posts\/28628"}],"collection":[{"href":"https:\/\/sw-osterfeine.de\/index.php?rest_route=\/wp\/v2\/posts"}],"about":[{"href":"https:\/\/sw-osterfeine.de\/index.php?rest_route=\/wp\/v2\/types\/post"}],"author":[{"embeddable":true,"href":"https:\/\/sw-osterfeine.de\/index.php?rest_route=\/wp\/v2\/users\/3"}],"replies":[{"embeddable":true,"href":"https:\/\/sw-osterfeine.de\/index.php?rest_route=%2Fwp%2Fv2%2Fcomments&post=28628"}],"version-history":[{"count":2,"href":"https:\/\/sw-osterfeine.de\/index.php?rest_route=\/wp\/v2\/posts\/28628\/revisions"}],"predecessor-version":[{"id":28630,"href":"https:\/\/sw-osterfeine.de\/index.php?rest_route=\/wp\/v2\/posts\/28628\/revisions\/28630"}],"wp:attachment":[{"href":"https:\/\/sw-osterfeine.de\/index.php?rest_route=%2Fwp%2Fv2%2Fmedia&parent=28628"}],"wp:term":[{"taxonomy":"category","embeddable":true,"href":"https:\/\/sw-osterfeine.de\/index.php?rest_route=%2Fwp%2Fv2%2Fcategories&post=28628"},{"taxonomy":"post_tag","embeddable":true,"href":"https:\/\/sw-osterfeine.de\/index.php?rest_route=%2Fwp%2Fv2%2Ftags&post=28628"}],"curies":[{"name":"wp","href":"https:\/\/api.w.org\/{rel}","templated":true}]}}