{"id":28633,"date":"2021-10-04T17:13:56","date_gmt":"2021-10-04T15:13:56","guid":{"rendered":"https:\/\/sw-osterfeine.de\/?p=28633"},"modified":"2021-10-04T17:13:56","modified_gmt":"2021-10-04T15:13:56","slug":"fussball-b-jugend-3","status":"publish","type":"post","link":"https:\/\/sw-osterfeine.de\/?p=28633","title":{"rendered":"Fu\u00dfball: B-Jugend"},"content":{"rendered":"\n<p>\u00a0JSG Langf\u00f6rden\/B\u00fchren \u2013 SW Osterfeine 5:2<\/p>\n<p>Es ist soweit\u2026 unsere Serie ist gerissen. Gegen die JSG Langf\u00f6rden\/B\u00fchren mussten wir die erste Niederlage der diesj\u00e4hrigen Kreisligasaison hinnehmen.<\/p>\n<p>Von Beginn an kamen wir nicht so in die Partie, wie wir es aus den bisherigen Spielen gewohnt waren. Fehlende Laufbereitschaft, nachl\u00e4ssiges Passspiel und eine h\u00e4ufig mangelhaftes Zweikampfverhalten brachten uns in regelm\u00e4\u00dfigen Abst\u00e4nden in Schwierigkeiten. Folgerichtig dauerte es nur zw\u00f6lf Minuten, bis unsere Kontrahenten den Ball hinter unsere letzte Linie spielen konnten und einer der pfeilschnellen St\u00fcrmer Moritz \u00fcberwand.<\/p>\n<p>Auch in der Folge konnten wir uns nicht entscheidend durchsetzen. Die wenigen Durchbr\u00fcche \u00fcber unsere Au\u00dfenbahnen waren mangels Abnehmer nicht von Erfolg gekr\u00f6nt. F\u00fcnf Minuten vor dem Halbzeitpfiff kassierten wir dann das zweite Gegentor, allerdings aus stark abseitsverd\u00e4chtiger Position.<\/p>\n<p>H\u00e4ngende K\u00f6pfe in der Halbzeitpause\u2026 Die Probleme waren klar und dementsprechend schnell besprochen. Mit neuem Mut wollten wir das Spiel in der zweiten Halbzeit zu unseren Gunsten wenden.<!--more--><\/p>\n<p>Nur drei Minuten nach dem Pausentee schien die Halbzeitansprache Fr\u00fcchte zu tragen. Mit einem Diagonalball konnte Max unseren Fl\u00fcgelflitzer Harry bedienen und dieser nutzte die Chance aus ca. 8m zum 2:1. Ein paar Minuten konnten wir den hohen Druck noch aufrechterhalten. In Minute 50 folgte dann allerdings der n\u00e4chste R\u00fcckschlag. Nach einem kurzen Anspiel am eigenen 16er bekam Johann direkt Druck vom Gegenspieler, der ihm den Ball abnehmen und zum 3:1 verwandeln konnte. Es ging nun munter hin und her. Benny konnte sechs Minuten sp\u00e4ter nach einer Einzelaktion im Strafraum noch auf 3:2 verk\u00fcrzen, Richtung Spielende wurden wir allerdings auch zunehmend anf\u00e4lliger f\u00fcr Kontersituationen. Dass im Spielverlauf Mattes im defensiven Mittelfeld und Anton in der ohnehin heute d\u00fcnn besetzten Innenverteidigung verletzungsbedingt ausschieden hat uns sicher nicht geholfen.<\/p>\n<p>Die beiden Gegentore zum 4:2 (77. Minute) und zum 5:2 Endstand (80. +2) waren dann ebensolche Konter. Zwei lange B\u00e4lle hinter unsere Verteidiger, die in den Laufduellen dann das Nachsehen hatten.<\/p>\n<p>Der Satz \u201eheute gewinnt die Mannschaft, die den Sieg mehr will\u201c hallte im Anschluss in der Kabine nach. Heute wollte Langf\u00f6rden die 3 Punkte einfach mehr. Nichtsdestotrotz wollen wir aus diesem R\u00fcckschlag unsere Lehren ziehen und st\u00e4rker zur\u00fcckkommen.<\/p>\n<p>Am Montag, den 04.10. um 19:30 Uhr haben wir die M\u00f6glichkeit eine Reaktion zu zeigen und uns zuhause gegen die JSG BaCaL\u00fc in einem Flutlichtspiel die Tabellenf\u00fchrung zur\u00fcckzuerobern.<\/p>\n<p>Mit freundlichen Gr\u00fc\u00dfen<\/p>\n<p>Coach P.<\/p>\n<p>\u00a0<\/p>\n<p>Aufstellung: \u00a0\u00a0\u00a0\u00a0\u00a0\u00a0\u00a0\u00a0\u00a0\u00a0\u00a0\u00a0\u00a0\u00a0\u00a0\u00a0\u00a0\u00a0\u00a0\u00a0\u00a0\u00a0\u00a0\u00a0\u00a0\u00a0\u00a0\u00a0\u00a0\u00a0\u00a0\u00a0\u00a0\u00a0\u00a0\u00a0 M. Sonnen<\/p>\n<p>Brokamp \u00a0 \u00a0 \u00a0 \u00a0 \u00a0 \u00a0 \u00a0 \u00a0 M.-J. St\u00e4rk\u00a0\u00a0\u00a0\u00a0\u00a0\u00a0\u00a0\u00a0\u00a0 A. Borgerding\u00a0\u00a0\u00a0\u00a0\u00a0\u00a0\u00a0\u00a0\u00a0\u00a0\u00a0\u00a0\u00a0\u00a0\u00a0\u00a0\u00a0\u00a0 J. Kohake<\/p>\n<p>\u00a0\u00a0\u00a0\u00a0\u00a0\u00a0\u00a0\u00a0\u00a0\u00a0\u00a0\u00a0\u00a0\u00a0\u00a0\u00a0\u00a0\u00a0\u00a0\u00a0\u00a0\u00a0\u00a0\u00a0\u00a0\u00a0\u00a0\u00a0\u00a0\u00a0\u00a0\u00a0\u00a0 Glandorf\u00a0\u00a0\u00a0\u00a0\u00a0\u00a0\u00a0\u00a0\u00a0\u00a0\u00a0\u00a0\u00a0\u00a0\u00a0 M. Maue<\/p>\n<p>\u00a0\u00a0\u00a0\u00a0\u00a0\u00a0\u00a0\u00a0\u00a0\u00a0\u00a0\u00a0\u00a0\u00a0\u00a0\u00a0\u00a0\u00a0\u00a0\u00a0 Fischer\u00a0\u00a0\u00a0\u00a0\u00a0\u00a0\u00a0\u00a0\u00a0\u00a0\u00a0\u00a0\u00a0\u00a0\u00a0\u00a0\u00a0 B. Olberding\u00a0\u00a0\u00a0\u00a0\u00a0\u00a0\u00a0\u00a0\u00a0\u00a0\u00a0\u00a0\u00a0\u00a0\u00a0\u00a0\u00a0\u00a0\u00a0\u00a0\u00a0 H. Nordmann<\/p>\n<p>\u00a0\u00a0\u00a0\u00a0\u00a0\u00a0\u00a0\u00a0\u00a0\u00a0\u00a0\u00a0\u00a0\u00a0\u00a0\u00a0\u00a0\u00a0\u00a0\u00a0\u00a0\u00a0\u00a0\u00a0\u00a0\u00a0\u00a0\u00a0\u00a0\u00a0\u00a0\u00a0\u00a0\u00a0\u00a0\u00a0\u00a0\u00a0\u00a0\u00a0\u00a0\u00a0\u00a0\u00a0\u00a0\u00a0\u00a0\u00a0\u00a0\u00a0\u00a0\u00a0\u00a0\u00a0\u00a0 Neteler<\/p>\n<p>Bank: T. Kreinest, L. Hanker, L. Dalinghaus, A. Jacob<\/p>\n<p>\u00a0<\/p>\n<p>Tore: \u00a0\u00a0\u00a0 1:0<\/p>\n<p>\u00a0\u00a0\u00a0\u00a0\u00a0\u00a0\u00a0\u00a0\u00a0\u00a0\u00a0\u00a0\u00a0\u00a0\u00a0 2:0<\/p>\n<p>\u00a0\u00a0\u00a0\u00a0\u00a0\u00a0\u00a0\u00a0\u00a0\u00a0\u00a0\u00a0\u00a0\u00a0\u00a0 2:1 Nordmann (Maue)<\/p>\n<p>\u00a0\u00a0\u00a0\u00a0\u00a0\u00a0\u00a0\u00a0\u00a0\u00a0\u00a0\u00a0\u00a0\u00a0\u00a0 3:1<\/p>\n<p>\u00a0\u00a0\u00a0\u00a0\u00a0\u00a0\u00a0\u00a0\u00a0\u00a0\u00a0\u00a0\u00a0\u00a0\u00a0 3:2 Olberding<\/p>\n<p>\u00a0\u00a0\u00a0\u00a0\u00a0\u00a0\u00a0\u00a0\u00a0\u00a0\u00a0\u00a0\u00a0\u00a0\u00a0 4:2<\/p>\n<p>\u00a0\u00a0\u00a0\u00a0\u00a0\u00a0\u00a0\u00a0\u00a0\u00a0\u00a0\u00a0\u00a0\u00a0\u00a0 5:2<\/p>\n","protected":false},"excerpt":{"rendered":"<p>\u00a0JSG Langf\u00f6rden\/B\u00fchren \u2013 SW Osterfeine 5:2 Es ist soweit\u2026 unsere Serie ist gerissen. Gegen die JSG Langf\u00f6rden\/B\u00fchren mussten wir die erste Niederlage der diesj\u00e4hrigen Kreisligasaison hinnehmen. Von Beginn an kamen wir nicht so in die Partie, wie wir es aus den bisherigen Spielen gewohnt waren. Fehlende Laufbereitschaft, nachl\u00e4ssiges Passspiel und eine h\u00e4ufig mangelhaftes Zweikampfverhalten brachten [&hellip;]<\/p>\n","protected":false},"author":3,"featured_media":0,"comment_status":"closed","ping_status":"closed","sticky":false,"template":"","format":"standard","meta":{"footnotes":""},"categories":[3],"tags":[],"_links":{"self":[{"href":"https:\/\/sw-osterfeine.de\/index.php?rest_route=\/wp\/v2\/posts\/28633"}],"collection":[{"href":"https:\/\/sw-osterfeine.de\/index.php?rest_route=\/wp\/v2\/posts"}],"about":[{"href":"https:\/\/sw-osterfeine.de\/index.php?rest_route=\/wp\/v2\/types\/post"}],"author":[{"embeddable":true,"href":"https:\/\/sw-osterfeine.de\/index.php?rest_route=\/wp\/v2\/users\/3"}],"replies":[{"embeddable":true,"href":"https:\/\/sw-osterfeine.de\/index.php?rest_route=%2Fwp%2Fv2%2Fcomments&post=28633"}],"version-history":[{"count":1,"href":"https:\/\/sw-osterfeine.de\/index.php?rest_route=\/wp\/v2\/posts\/28633\/revisions"}],"predecessor-version":[{"id":28634,"href":"https:\/\/sw-osterfeine.de\/index.php?rest_route=\/wp\/v2\/posts\/28633\/revisions\/28634"}],"wp:attachment":[{"href":"https:\/\/sw-osterfeine.de\/index.php?rest_route=%2Fwp%2Fv2%2Fmedia&parent=28633"}],"wp:term":[{"taxonomy":"category","embeddable":true,"href":"https:\/\/sw-osterfeine.de\/index.php?rest_route=%2Fwp%2Fv2%2Fcategories&post=28633"},{"taxonomy":"post_tag","embeddable":true,"href":"https:\/\/sw-osterfeine.de\/index.php?rest_route=%2Fwp%2Fv2%2Ftags&post=28633"}],"curies":[{"name":"wp","href":"https:\/\/api.w.org\/{rel}","templated":true}]}}