{"id":28635,"date":"2021-10-05T07:57:39","date_gmt":"2021-10-05T05:57:39","guid":{"rendered":"https:\/\/sw-osterfeine.de\/?p=28635"},"modified":"2021-10-05T07:57:39","modified_gmt":"2021-10-05T05:57:39","slug":"handball-1-c-jugend-5","status":"publish","type":"post","link":"https:\/\/sw-osterfeine.de\/?p=28635","title":{"rendered":"Handball: 1.C-Jugend"},"content":{"rendered":"\n<p><span style=\"font-family: 'Calibri','sans-serif'; color: black;\">In dieser Saison haben wir uns erneut in der Regionsoberliga angemeldet\u00a0und besuchen nun haupts\u00e4chlich Vereine\u00a0<\/span><span style=\"font-family: 'Calibri','sans-serif'; color: black;\">im Osnabr\u00fccker Raum, aus unserem Landkreis ist lediglich BW Lohne dabei. Da die Gegner uns daher unbekannt sind, <\/span><span style=\"font-family: 'Calibri','sans-serif'; color: black;\">waren wir nun sehr gespannt auf unsere Auftaktbegegnungen.\u00a0<\/span><\/p>\n<p><span style=\"font-family: 'Calibri','sans-serif'; color: black;\">Am letzten Wochenende waren wir sonntags zu Gast bei der TSG Burg Gretesch. Unsere M\u00e4dels waren voller\u00a0<\/span><span style=\"font-family: 'Calibri','sans-serif'; color: black;\">Vorfreude darauf, dass\u00a0 es endlich wieder losgehen sollte. Sie zeigten eine richtig gute Leistung, fast alle konnten sich in die <\/span><span style=\"font-family: 'Calibri','sans-serif'; color: black;\">Torj\u00e4gerliste eintragen, und wir gewannen insgesamt verdient mit 29:11. Ein besserer Start h\u00e4tte uns nicht gelingen\u00a0<\/span><span style=\"font-family: 'Calibri','sans-serif'; color: black;\">k\u00f6nnen.\u00a0<\/span><\/p>\n<p><span style=\"font-family: 'Calibri','sans-serif'; color: black;\">An diesem Wochenende war dann der TUS Lemf\u00f6rde bei uns zu Gast. Diese Mannschaft kennen wir schon etwas l\u00e4nger, <\/span><span style=\"font-family: 'Calibri','sans-serif'; color: black;\">da sie in den letzten Jahren auch in unserer Liga gespielt hat. In den letzten 4 Jahren konnten wir kein einziges Mal gegen die\u00a0<\/span><span style=\"font-family: 'Calibri','sans-serif'; color: black;\">Lemf\u00f6rder gewinnen, dementsprechend war unser Respekt gro\u00df. Unsere M\u00e4dels legten einen Blitzstart hin und zur <\/span><span style=\"font-family: 'Calibri','sans-serif'; color: black;\">Halbzeit f\u00fchrten wir tats\u00e4chlich mit 14:7. Wir stellten etwas um, aber die Lemf\u00f6rder kamen wir aller Gewalt zur\u00fcck. Ehe <\/span><span style=\"font-family: 'Calibri','sans-serif'; color: black;\">wir uns versahen stand es pl\u00f6tzlich 16:16. Nach einer letzten Auszeit wurde nochmal komplett umgestellt, und nach\u00a0<\/span><span style=\"font-family: 'Calibri','sans-serif'; color: black;\">einem tollen Schlu\u00dfspurt konnten wir am Ende mit 25:21 gewinnen.<\/span><!--more--><\/p>\n<p><span style=\"font-family: 'Calibri','sans-serif'; color: black;\">2 Siege zum Saisonbeginn, besser kann es nicht laufen, und so hat sich die doch harte Saisonvorbereitung bisher auf\u00a0<\/span><span style=\"font-family: 'Calibri','sans-serif'; color: black;\">jeden Fall gelohnt.\u00a0<br \/><\/span><span style=\"font-family: 'Calibri','sans-serif'; color: black;\">Diesen Sonntag geht es dann zur HSG Osnabr\u00fcck, Anpfiff ist dort um 11.45 Uhr. Die HSG konnte auch beide Auftaktspiele\u00a0<\/span><span style=\"font-family: 'Calibri','sans-serif'; color: black;\">gewinnen, dementsprechend m\u00fcssen wir dort mit voller Kraft vorangehen, um die Punkte mit nach Osterfeine zu nehmen.\u00a0<\/span><\/p>\n<p><span style=\"font-family: 'Calibri','sans-serif'; color: black;\">\u00a0<\/span><\/p>\n<p><span style=\"font-family: 'Calibri','sans-serif'; color: black;\">\u200bDr\u00fcckt uns die Daumen! Mit schwarz-wei\u00dfen Gr\u00fc\u00dfen<br \/>Jutta &amp; Yvonne<\/span><\/p>\n","protected":false},"excerpt":{"rendered":"<p>In dieser Saison haben wir uns erneut in der Regionsoberliga angemeldet\u00a0und besuchen nun haupts\u00e4chlich Vereine\u00a0im Osnabr\u00fccker Raum, aus unserem Landkreis ist lediglich BW Lohne dabei. Da die Gegner uns daher unbekannt sind, waren wir nun sehr gespannt auf unsere Auftaktbegegnungen.\u00a0 Am letzten Wochenende waren wir sonntags zu Gast bei der TSG Burg Gretesch. Unsere M\u00e4dels [&hellip;]<\/p>\n","protected":false},"author":3,"featured_media":0,"comment_status":"closed","ping_status":"closed","sticky":false,"template":"","format":"standard","meta":{"footnotes":""},"categories":[1],"tags":[],"_links":{"self":[{"href":"https:\/\/sw-osterfeine.de\/index.php?rest_route=\/wp\/v2\/posts\/28635"}],"collection":[{"href":"https:\/\/sw-osterfeine.de\/index.php?rest_route=\/wp\/v2\/posts"}],"about":[{"href":"https:\/\/sw-osterfeine.de\/index.php?rest_route=\/wp\/v2\/types\/post"}],"author":[{"embeddable":true,"href":"https:\/\/sw-osterfeine.de\/index.php?rest_route=\/wp\/v2\/users\/3"}],"replies":[{"embeddable":true,"href":"https:\/\/sw-osterfeine.de\/index.php?rest_route=%2Fwp%2Fv2%2Fcomments&post=28635"}],"version-history":[{"count":1,"href":"https:\/\/sw-osterfeine.de\/index.php?rest_route=\/wp\/v2\/posts\/28635\/revisions"}],"predecessor-version":[{"id":28636,"href":"https:\/\/sw-osterfeine.de\/index.php?rest_route=\/wp\/v2\/posts\/28635\/revisions\/28636"}],"wp:attachment":[{"href":"https:\/\/sw-osterfeine.de\/index.php?rest_route=%2Fwp%2Fv2%2Fmedia&parent=28635"}],"wp:term":[{"taxonomy":"category","embeddable":true,"href":"https:\/\/sw-osterfeine.de\/index.php?rest_route=%2Fwp%2Fv2%2Fcategories&post=28635"},{"taxonomy":"post_tag","embeddable":true,"href":"https:\/\/sw-osterfeine.de\/index.php?rest_route=%2Fwp%2Fv2%2Ftags&post=28635"}],"curies":[{"name":"wp","href":"https:\/\/api.w.org\/{rel}","templated":true}]}}