{"id":29845,"date":"2022-03-25T08:06:17","date_gmt":"2022-03-25T07:06:17","guid":{"rendered":"https:\/\/sw-osterfeine.de\/?p=29845"},"modified":"2022-04-14T13:27:52","modified_gmt":"2022-04-14T11:27:52","slug":"sv-handorf-langenberg-vs-sw-osterfeine-ii-60","status":"publish","type":"post","link":"https:\/\/sw-osterfeine.de\/?p=29845","title":{"rendered":"SV Handorf-Langenberg vs. SW Osterfeine II 6:0"},"content":{"rendered":"\n<p>Auch wir melden uns nun wieder zu Wort. Nachdem wir zum R\u00fcckrundenauftakt ein 1:1 gegen Varenesch und eine 1:4 Niederlage gegen RW Damme hinnehmen mussten, stand nun der 19.Spieltag in der Kreisliga an und wir waren zu Gast beim SV Handorf-Langenberg. Da wir mit vielen Ausf\u00e4llen zu k\u00e4mpfen haben und nur neun Mann aus dem Kader zur Verf\u00fcgung standen, bekamen wir Unterst\u00fctzung aus der dritten Mannschaft und aus der A-Jugend.<a href=\"https:\/\/sw-osterfeine.de\/wp-content\/uploads\/2022\/02\/Osterei.png\" data-rel=\"lightbox-image-0\" data-rl_title=\"\" data-rl_caption=\"\" title=\"\"><img loading=\"lazy\" decoding=\"async\" class=\"wp-image-29734 alignright\" src=\"https:\/\/sw-osterfeine.de\/wp-content\/uploads\/2022\/02\/Osterei-300x300.png\" alt=\"\" width=\"55\" height=\"55\" srcset=\"https:\/\/sw-osterfeine.de\/wp-content\/uploads\/2022\/02\/Osterei-300x300.png 300w, https:\/\/sw-osterfeine.de\/wp-content\/uploads\/2022\/02\/Osterei-150x150.png 150w, https:\/\/sw-osterfeine.de\/wp-content\/uploads\/2022\/02\/Osterei.png 512w\" sizes=\"(max-width: 55px) 100vw, 55px\" \/><\/a><\/p>\n<p>Folgende Elf schickte unser Trainer Seppl auf den Rasen:<\/p>\n<ol>\n<li>Kampsen \u2013 A. Hoelzl, H. Bley, C. Peckskamp, A. St\u00e4rk \u2013 E. Schulte, G. Pagano, S. Schockem\u00f6hle, L. Grote, F. Deters \u2013 J. L\u00fcbbehusen<\/li>\n<\/ol>\n<p>In den ersten 10 Minuten war das Spiel gepr\u00e4gt von einer Mittelfeldschlacht. Alle guten Vors\u00e4tze, die wir vor dem Spiel sammelten, wurden aber allzu schnell \u00fcber den Haufen geworfen. In der 20. Spielminute brachte Yaha Yildiz die Langenberger mit 1:0 in F\u00fchrung. Daraufhin entsch\u00e4rfte unser Torwart \u201eSch\u00fcppe\u201c gute Gelegenheiten der Gastgeber. Kurz vor Ende der ersten Halbzeit fand der Freisto\u00df von Coach Alex und einer Hereingabe von Frank Deters keinen Abnehmer in der Mitte. So gingen wir mit einem 1:0 R\u00fcckstand in die Kabine.<\/p>\n<p>Leider kam kurz nach der Halbzeit der n\u00e4chste R\u00fcckschlag. Wiederum schob die Nummer 10 Yaha Yildiz zum 2:0 ein. Daraufhin zogen die Gastgeber das Tempo an und so kassierten wir die Tore drei, vier, f\u00fcnf und sechs.<\/p>\n<p>Ein gro\u00dfes Dankesch\u00f6n gilt an Andreas Hoelzl, den Aushilfen aus unserer dritten Mannschaft Julian Heye-Enneking und Lukas Grote sowie an den beiden A-Jugendlichen Lukas Kampsen und Tom St\u00f6ppelmann, die uns bei dem intensiven Spiel gut unterst\u00fctzten.<\/p>\n<p>Weiter geht es am Sonntag, den 27.03.2022, um 13 Uhr zuhause gegen die erste Mannschaft von Bakum.<\/p>\n<p>Bis dann, die II.<\/p>\n","protected":false},"excerpt":{"rendered":"<p>Auch wir melden uns nun wieder zu Wort. Nachdem wir zum R\u00fcckrundenauftakt ein 1:1 gegen Varenesch und eine 1:4 Niederlage gegen RW Damme hinnehmen mussten, stand nun der 19.Spieltag in der Kreisliga an und wir waren zu Gast beim SV Handorf-Langenberg. Da wir mit vielen Ausf\u00e4llen zu k\u00e4mpfen haben und nur neun Mann aus dem [&hellip;]<\/p>\n","protected":false},"author":3,"featured_media":0,"comment_status":"closed","ping_status":"closed","sticky":false,"template":"","format":"standard","meta":{"footnotes":""},"categories":[3],"tags":[],"_links":{"self":[{"href":"https:\/\/sw-osterfeine.de\/index.php?rest_route=\/wp\/v2\/posts\/29845"}],"collection":[{"href":"https:\/\/sw-osterfeine.de\/index.php?rest_route=\/wp\/v2\/posts"}],"about":[{"href":"https:\/\/sw-osterfeine.de\/index.php?rest_route=\/wp\/v2\/types\/post"}],"author":[{"embeddable":true,"href":"https:\/\/sw-osterfeine.de\/index.php?rest_route=\/wp\/v2\/users\/3"}],"replies":[{"embeddable":true,"href":"https:\/\/sw-osterfeine.de\/index.php?rest_route=%2Fwp%2Fv2%2Fcomments&post=29845"}],"version-history":[{"count":2,"href":"https:\/\/sw-osterfeine.de\/index.php?rest_route=\/wp\/v2\/posts\/29845\/revisions"}],"predecessor-version":[{"id":29995,"href":"https:\/\/sw-osterfeine.de\/index.php?rest_route=\/wp\/v2\/posts\/29845\/revisions\/29995"}],"wp:attachment":[{"href":"https:\/\/sw-osterfeine.de\/index.php?rest_route=%2Fwp%2Fv2%2Fmedia&parent=29845"}],"wp:term":[{"taxonomy":"category","embeddable":true,"href":"https:\/\/sw-osterfeine.de\/index.php?rest_route=%2Fwp%2Fv2%2Fcategories&post=29845"},{"taxonomy":"post_tag","embeddable":true,"href":"https:\/\/sw-osterfeine.de\/index.php?rest_route=%2Fwp%2Fv2%2Ftags&post=29845"}],"curies":[{"name":"wp","href":"https:\/\/api.w.org\/{rel}","templated":true}]}}