{"id":29905,"date":"2022-04-04T15:39:46","date_gmt":"2022-04-04T13:39:46","guid":{"rendered":"https:\/\/sw-osterfeine.de\/?p=29905"},"modified":"2022-04-12T18:08:33","modified_gmt":"2022-04-12T16:08:33","slug":"swo-ferienbetreuung-tag-1-2","status":"publish","type":"post","link":"https:\/\/sw-osterfeine.de\/?p=29905","title":{"rendered":"SWO Ferienbetreuung: Tag 1"},"content":{"rendered":"\n<p>Die SWO-Fereienbetreuung startet ab heute in die n\u00e4chste Runde!<br \/>F\u00fcr die unz\u00e4hligen Kinder bedeuten die kommenden Tage einen spannenden Mix aus Spa\u00df, Abwechslung und kulinarischer Exzellenz.<br \/>Der erste Tag war wie gewohnt g\u00e4nzlich zum freien Spielen eingeplant, weshalb die Kinder den unterschiedlichsten Aktivit\u00e4ten nachgingen. <br \/>Von Fu\u00dfball- und Gesellschaftsspielen, war bis \u00fcber Turnen und Basteln alles vertreten.<\/p>\n<p><br \/>Zwar gab es mehr als genug Obst und Gem\u00fcse f\u00fcr zwischendurch, allerdings waren die Kinder doch sehr gl\u00fccklich als sie erfuhren, dass Petra f\u00fcr sie ihre hausgemachten Pfannkuchen zubereiten w\u00fcrde.<br \/>Danke daf\u00fcr Petra!<\/p>\n<p>Nach der wohlgebrauchten St\u00e4rkung kehrten sich einige der Kinder wieder den wirklich wichtigen Dingen zu: Dem Aufrechterhalten alter Traditionen. <br \/>So versuchten sie unseren FSJler Ben an den Mattenwagen zu fesseln. Dieser war jedoch zu flink und konnte sich mit schlechten, aber effizienten Ausreden aus der Lage befreien. <br \/>B\u00f6se Zungen vermuten allerdings, dass Ben in den n\u00e4chsten Tagen keine Chance haben wird der Horde von Kindern zu entkommen.<\/p>\n<p>Wir halten euch diesbez\u00fcglich auf dem Laufendem!<\/p>\n\n\t\t<style type=\"text\/css\">\n\t\t\t#gallery-1 {\n\t\t\t\tmargin: auto;\n\t\t\t}\n\t\t\t#gallery-1 .gallery-item {\n\t\t\t\tfloat: left;\n\t\t\t\tmargin-top: 10px;\n\t\t\t\ttext-align: center;\n\t\t\t\twidth: 33%;\n\t\t\t}\n\t\t\t#gallery-1 img {\n\t\t\t\tborder: 2px solid #cfcfcf;\n\t\t\t}\n\t\t\t#gallery-1 .gallery-caption {\n\t\t\t\tmargin-left: 0;\n\t\t\t}\n\t\t\t\/* see gallery_shortcode() in wp-includes\/media.php *\/\n\t\t<\/style>\n\t\t<div id='gallery-1' class='gallery galleryid-29905 gallery-columns-3 gallery-size-thumbnail'><dl class='gallery-item'>\n\t\t\t<dt class='gallery-icon landscape'>\n\t\t\t\t<a href='https:\/\/sw-osterfeine.de\/wp-content\/uploads\/2022\/04\/Theoseil-scaled.jpg' title=\"\" data-rl_title=\"\" class=\"rl-gallery-link\" data-rl_caption=\"\" data-rel=\"lightbox-gallery-1\"><img loading=\"lazy\" decoding=\"async\" width=\"150\" height=\"150\" src=\"https:\/\/sw-osterfeine.de\/wp-content\/uploads\/2022\/04\/Theoseil-150x150.jpg\" class=\"attachment-thumbnail size-thumbnail\" alt=\"\" \/><\/a>\n\t\t\t<\/dt><\/dl><dl class='gallery-item'>\n\t\t\t<dt class='gallery-icon portrait'>\n\t\t\t\t<a href='https:\/\/sw-osterfeine.de\/wp-content\/uploads\/2022\/04\/Basteln1.jpg' title=\"\" data-rl_title=\"\" class=\"rl-gallery-link\" data-rl_caption=\"\" data-rel=\"lightbox-gallery-1\"><img loading=\"lazy\" decoding=\"async\" width=\"150\" height=\"150\" src=\"https:\/\/sw-osterfeine.de\/wp-content\/uploads\/2022\/04\/Basteln1-150x150.jpg\" class=\"attachment-thumbnail size-thumbnail\" alt=\"\" \/><\/a>\n\t\t\t<\/dt><\/dl><dl class='gallery-item'>\n\t\t\t<dt class='gallery-icon landscape'>\n\t\t\t\t<a href='https:\/\/sw-osterfeine.de\/wp-content\/uploads\/2022\/04\/FussballFerienbetreuung-scaled.jpg' title=\"\" data-rl_title=\"\" class=\"rl-gallery-link\" data-rl_caption=\"\" data-rel=\"lightbox-gallery-1\"><img loading=\"lazy\" decoding=\"async\" width=\"150\" height=\"150\" src=\"https:\/\/sw-osterfeine.de\/wp-content\/uploads\/2022\/04\/FussballFerienbetreuung-150x150.jpg\" class=\"attachment-thumbnail size-thumbnail\" alt=\"\" \/><\/a>\n\t\t\t<\/dt><\/dl><br style=\"clear: both\" \/><dl class='gallery-item'>\n\t\t\t<dt class='gallery-icon landscape'>\n\t\t\t\t<a href='https:\/\/sw-osterfeine.de\/wp-content\/uploads\/2022\/04\/Basteln2.jpg' title=\"\" data-rl_title=\"\" class=\"rl-gallery-link\" data-rl_caption=\"\" data-rel=\"lightbox-gallery-1\"><img loading=\"lazy\" decoding=\"async\" width=\"150\" height=\"150\" src=\"https:\/\/sw-osterfeine.de\/wp-content\/uploads\/2022\/04\/Basteln2-150x150.jpg\" class=\"attachment-thumbnail size-thumbnail\" alt=\"\" \/><\/a>\n\t\t\t<\/dt><\/dl><dl class='gallery-item'>\n\t\t\t<dt class='gallery-icon landscape'>\n\t\t\t\t<a href='https:\/\/sw-osterfeine.de\/wp-content\/uploads\/2022\/02\/Osterei.png' title=\"\" data-rl_title=\"\" class=\"rl-gallery-link\" data-rl_caption=\"\" data-rel=\"lightbox-gallery-1\"><img loading=\"lazy\" decoding=\"async\" width=\"150\" height=\"150\" src=\"https:\/\/sw-osterfeine.de\/wp-content\/uploads\/2022\/02\/Osterei-150x150.png\" class=\"attachment-thumbnail size-thumbnail\" alt=\"\" srcset=\"https:\/\/sw-osterfeine.de\/wp-content\/uploads\/2022\/02\/Osterei-150x150.png 150w, https:\/\/sw-osterfeine.de\/wp-content\/uploads\/2022\/02\/Osterei-300x300.png 300w, https:\/\/sw-osterfeine.de\/wp-content\/uploads\/2022\/02\/Osterei.png 512w\" sizes=\"(max-width: 150px) 100vw, 150px\" \/><\/a>\n\t\t\t<\/dt><\/dl>\n\t\t\t<br style='clear: both' \/>\n\t\t<\/div>\n\n<p>\u00a0<\/p>\n<p>\u00a0<\/p>\n","protected":false},"excerpt":{"rendered":"<p>Die SWO-Fereienbetreuung startet ab heute in die n\u00e4chste Runde!F\u00fcr die unz\u00e4hligen Kinder bedeuten die kommenden Tage einen spannenden Mix aus Spa\u00df, Abwechslung und kulinarischer Exzellenz.Der erste Tag war wie gewohnt g\u00e4nzlich zum freien Spielen eingeplant, weshalb die Kinder den unterschiedlichsten Aktivit\u00e4ten nachgingen. Von Fu\u00dfball- und Gesellschaftsspielen, war bis \u00fcber Turnen und Basteln alles vertreten. Zwar [&hellip;]<\/p>\n","protected":false},"author":3,"featured_media":0,"comment_status":"closed","ping_status":"closed","sticky":false,"template":"","format":"standard","meta":{"footnotes":""},"categories":[37],"tags":[],"_links":{"self":[{"href":"https:\/\/sw-osterfeine.de\/index.php?rest_route=\/wp\/v2\/posts\/29905"}],"collection":[{"href":"https:\/\/sw-osterfeine.de\/index.php?rest_route=\/wp\/v2\/posts"}],"about":[{"href":"https:\/\/sw-osterfeine.de\/index.php?rest_route=\/wp\/v2\/types\/post"}],"author":[{"embeddable":true,"href":"https:\/\/sw-osterfeine.de\/index.php?rest_route=\/wp\/v2\/users\/3"}],"replies":[{"embeddable":true,"href":"https:\/\/sw-osterfeine.de\/index.php?rest_route=%2Fwp%2Fv2%2Fcomments&post=29905"}],"version-history":[{"count":3,"href":"https:\/\/sw-osterfeine.de\/index.php?rest_route=\/wp\/v2\/posts\/29905\/revisions"}],"predecessor-version":[{"id":29978,"href":"https:\/\/sw-osterfeine.de\/index.php?rest_route=\/wp\/v2\/posts\/29905\/revisions\/29978"}],"wp:attachment":[{"href":"https:\/\/sw-osterfeine.de\/index.php?rest_route=%2Fwp%2Fv2%2Fmedia&parent=29905"}],"wp:term":[{"taxonomy":"category","embeddable":true,"href":"https:\/\/sw-osterfeine.de\/index.php?rest_route=%2Fwp%2Fv2%2Fcategories&post=29905"},{"taxonomy":"post_tag","embeddable":true,"href":"https:\/\/sw-osterfeine.de\/index.php?rest_route=%2Fwp%2Fv2%2Ftags&post=29905"}],"curies":[{"name":"wp","href":"https:\/\/api.w.org\/{rel}","templated":true}]}}