{"id":29915,"date":"2022-04-05T16:30:55","date_gmt":"2022-04-05T14:30:55","guid":{"rendered":"https:\/\/sw-osterfeine.de\/?p=29915"},"modified":"2022-04-12T18:08:06","modified_gmt":"2022-04-12T16:08:06","slug":"swo-ferienbetreuung-tag-2","status":"publish","type":"post","link":"https:\/\/sw-osterfeine.de\/?p=29915","title":{"rendered":"SWO Ferienbetreuung: Tag 2"},"content":{"rendered":"\n<p>Auch am zweiten Tag der Osterfeiner Ferienbetreuung fanden sich zahlreiche Kinder in der sch\u00f6nsten Sporthalle des Landkreises wieder.<br \/>Vormittags spielten die Kinder mehrere Runden des aus dem Fernsehen bekannten Spiels &#8222;1,2 oder 3- Die Letzte Chance Vorbei!&#8220;, wobei die Kinder ihr Wissen \u00fcber Sport und Ern\u00e4hrung unter Beweis stellen, aber auch verbessern konnten.<\/p>\n<p>Zum Mittag gab es Spaghetti, wahlweise mit Bolognese Sauce oder Ketchup, und Tortellini zur Auswahl. <br \/>Nach der leckeren St\u00e4rkung, f\u00fcr die wir uns ganz herzlich bei Petra Macke bedanken wollen, setzten die Kinder ihre Aktivit\u00e4ten fort.<br \/>Trotz unerm\u00fcdlicher Hartn\u00e4ckigkeit seitens der Kinder gelang es Ben auch heute wieder der gef\u00e4hrlichen Kombination aus Mattenwagen+Seil geschickt auszuweichen.<br \/>Jeglicher Versuch Ben zu fesseln wurde schlagkr\u00e4ftig mit Aussagen wie &#8222;Nein, ich muss in die K\u00fcche und \u00c4pfel\u00a0 schneiden!&#8220; oder &#8222;Warte, ich muss eben schnell ein K\u00fchlpack besorgen.&#8220; abgewehrt.<br \/>Ob Ben hier die Wahrheit erz\u00e4hlte oder sich nur billig aus der Situation schleichen wollte, bleibt ein R\u00e4tsel.<br \/>Mit K\u00fchlpack oder \u00c4pfeln in der Hand wurde er allerdings auch nicht gesehen.<\/p>\n<p>Weniger Gl\u00fcck hatte, wie man auf den Bildern sieht, unsere Betreuerin Lotta, die den Kinder leider relativ z\u00fcgig zum Opfer fiel.<br \/><br \/>Alles in Allem ein gelungener Tag, an dem die Kinder hoffentlich viel Spa\u00df\u00a0 hatten und m\u00fcde zuhause ankommen.<\/p>\n<p>\u00a0<\/p>\n\n\t\t<style type=\"text\/css\">\n\t\t\t#gallery-1 {\n\t\t\t\tmargin: auto;\n\t\t\t}\n\t\t\t#gallery-1 .gallery-item {\n\t\t\t\tfloat: left;\n\t\t\t\tmargin-top: 10px;\n\t\t\t\ttext-align: center;\n\t\t\t\twidth: 33%;\n\t\t\t}\n\t\t\t#gallery-1 img {\n\t\t\t\tborder: 2px solid #cfcfcf;\n\t\t\t}\n\t\t\t#gallery-1 .gallery-caption {\n\t\t\t\tmargin-left: 0;\n\t\t\t}\n\t\t\t\/* see gallery_shortcode() in wp-includes\/media.php *\/\n\t\t<\/style>\n\t\t<div id='gallery-1' class='gallery galleryid-29915 gallery-columns-3 gallery-size-thumbnail'><dl class='gallery-item'>\n\t\t\t<dt class='gallery-icon landscape'>\n\t\t\t\t<a href='https:\/\/sw-osterfeine.de\/wp-content\/uploads\/2022\/04\/123Bild1-scaled.jpg' title=\"\" data-rl_title=\"\" class=\"rl-gallery-link\" data-rl_caption=\"\" data-rel=\"lightbox-gallery-1\"><img loading=\"lazy\" decoding=\"async\" width=\"150\" height=\"150\" src=\"https:\/\/sw-osterfeine.de\/wp-content\/uploads\/2022\/04\/123Bild1-150x150.jpg\" class=\"attachment-thumbnail size-thumbnail\" alt=\"\" \/><\/a>\n\t\t\t<\/dt><\/dl><dl class='gallery-item'>\n\t\t\t<dt class='gallery-icon landscape'>\n\t\t\t\t<a href='https:\/\/sw-osterfeine.de\/wp-content\/uploads\/2022\/04\/123Bild2Tag2-scaled.jpg' title=\"\" data-rl_title=\"\" class=\"rl-gallery-link\" data-rl_caption=\"\" data-rel=\"lightbox-gallery-1\"><img loading=\"lazy\" decoding=\"async\" width=\"150\" height=\"150\" src=\"https:\/\/sw-osterfeine.de\/wp-content\/uploads\/2022\/04\/123Bild2Tag2-150x150.jpg\" class=\"attachment-thumbnail size-thumbnail\" alt=\"\" \/><\/a>\n\t\t\t<\/dt><\/dl><dl class='gallery-item'>\n\t\t\t<dt class='gallery-icon portrait'>\n\t\t\t\t<a href='https:\/\/sw-osterfeine.de\/wp-content\/uploads\/2022\/04\/Lottagefesselt-scaled.jpg' title=\"\" data-rl_title=\"\" class=\"rl-gallery-link\" data-rl_caption=\"\" data-rel=\"lightbox-gallery-1\"><img loading=\"lazy\" decoding=\"async\" width=\"150\" height=\"150\" src=\"https:\/\/sw-osterfeine.de\/wp-content\/uploads\/2022\/04\/Lottagefesselt-150x150.jpg\" class=\"attachment-thumbnail size-thumbnail\" alt=\"\" \/><\/a>\n\t\t\t<\/dt><\/dl><br style=\"clear: both\" \/><dl class='gallery-item'>\n\t\t\t<dt class='gallery-icon landscape'>\n\t\t\t\t<a href='https:\/\/sw-osterfeine.de\/wp-content\/uploads\/2022\/04\/MaxJanTag2-scaled.jpg' title=\"\" data-rl_title=\"\" class=\"rl-gallery-link\" data-rl_caption=\"\" data-rel=\"lightbox-gallery-1\"><img loading=\"lazy\" decoding=\"async\" width=\"150\" height=\"150\" src=\"https:\/\/sw-osterfeine.de\/wp-content\/uploads\/2022\/04\/MaxJanTag2-150x150.jpg\" class=\"attachment-thumbnail size-thumbnail\" alt=\"\" \/><\/a>\n\t\t\t<\/dt><\/dl><dl class='gallery-item'>\n\t\t\t<dt class='gallery-icon portrait'>\n\t\t\t\t<a href='https:\/\/sw-osterfeine.de\/wp-content\/uploads\/2022\/04\/OlePaulTag2-scaled.jpg' title=\"\" data-rl_title=\"\" class=\"rl-gallery-link\" data-rl_caption=\"\" data-rel=\"lightbox-gallery-1\"><img loading=\"lazy\" decoding=\"async\" width=\"150\" height=\"150\" src=\"https:\/\/sw-osterfeine.de\/wp-content\/uploads\/2022\/04\/OlePaulTag2-150x150.jpg\" class=\"attachment-thumbnail size-thumbnail\" alt=\"\" \/><\/a>\n\t\t\t<\/dt><\/dl><dl class='gallery-item'>\n\t\t\t<dt class='gallery-icon landscape'>\n\t\t\t\t<a href='https:\/\/sw-osterfeine.de\/wp-content\/uploads\/2022\/02\/Osterei.png' title=\"\" data-rl_title=\"\" class=\"rl-gallery-link\" data-rl_caption=\"\" data-rel=\"lightbox-gallery-1\"><img loading=\"lazy\" decoding=\"async\" width=\"150\" height=\"150\" src=\"https:\/\/sw-osterfeine.de\/wp-content\/uploads\/2022\/02\/Osterei-150x150.png\" class=\"attachment-thumbnail size-thumbnail\" alt=\"\" srcset=\"https:\/\/sw-osterfeine.de\/wp-content\/uploads\/2022\/02\/Osterei-150x150.png 150w, https:\/\/sw-osterfeine.de\/wp-content\/uploads\/2022\/02\/Osterei-300x300.png 300w, https:\/\/sw-osterfeine.de\/wp-content\/uploads\/2022\/02\/Osterei.png 512w\" sizes=\"(max-width: 150px) 100vw, 150px\" \/><\/a>\n\t\t\t<\/dt><\/dl><br style=\"clear: both\" \/>\n\t\t<\/div>\n\n","protected":false},"excerpt":{"rendered":"<p>Auch am zweiten Tag der Osterfeiner Ferienbetreuung fanden sich zahlreiche Kinder in der sch\u00f6nsten Sporthalle des Landkreises wieder.Vormittags spielten die Kinder mehrere Runden des aus dem Fernsehen bekannten Spiels &#8222;1,2 oder 3- Die Letzte Chance Vorbei!&#8220;, wobei die Kinder ihr Wissen \u00fcber Sport und Ern\u00e4hrung unter Beweis stellen, aber auch verbessern konnten. Zum Mittag gab [&hellip;]<\/p>\n","protected":false},"author":3,"featured_media":0,"comment_status":"closed","ping_status":"closed","sticky":false,"template":"","format":"standard","meta":{"footnotes":""},"categories":[37],"tags":[],"_links":{"self":[{"href":"https:\/\/sw-osterfeine.de\/index.php?rest_route=\/wp\/v2\/posts\/29915"}],"collection":[{"href":"https:\/\/sw-osterfeine.de\/index.php?rest_route=\/wp\/v2\/posts"}],"about":[{"href":"https:\/\/sw-osterfeine.de\/index.php?rest_route=\/wp\/v2\/types\/post"}],"author":[{"embeddable":true,"href":"https:\/\/sw-osterfeine.de\/index.php?rest_route=\/wp\/v2\/users\/3"}],"replies":[{"embeddable":true,"href":"https:\/\/sw-osterfeine.de\/index.php?rest_route=%2Fwp%2Fv2%2Fcomments&post=29915"}],"version-history":[{"count":3,"href":"https:\/\/sw-osterfeine.de\/index.php?rest_route=\/wp\/v2\/posts\/29915\/revisions"}],"predecessor-version":[{"id":29977,"href":"https:\/\/sw-osterfeine.de\/index.php?rest_route=\/wp\/v2\/posts\/29915\/revisions\/29977"}],"wp:attachment":[{"href":"https:\/\/sw-osterfeine.de\/index.php?rest_route=%2Fwp%2Fv2%2Fmedia&parent=29915"}],"wp:term":[{"taxonomy":"category","embeddable":true,"href":"https:\/\/sw-osterfeine.de\/index.php?rest_route=%2Fwp%2Fv2%2Fcategories&post=29915"},{"taxonomy":"post_tag","embeddable":true,"href":"https:\/\/sw-osterfeine.de\/index.php?rest_route=%2Fwp%2Fv2%2Ftags&post=29915"}],"curies":[{"name":"wp","href":"https:\/\/api.w.org\/{rel}","templated":true}]}}