{"id":29936,"date":"2022-04-08T08:17:17","date_gmt":"2022-04-08T06:17:17","guid":{"rendered":"https:\/\/sw-osterfeine.de\/?p=29936"},"modified":"2022-04-08T08:17:17","modified_gmt":"2022-04-08T06:17:17","slug":"spielbericht-swo-ii-23-spieltag","status":"publish","type":"post","link":"https:\/\/sw-osterfeine.de\/?p=29936","title":{"rendered":"Spielbericht SWO II: 23.Spieltag"},"content":{"rendered":"\n<p>Spielbericht II \u2013 Herren: 23 Spieltag<\/p>\n<p>\u00a0<\/p>\n<p>Nach dem wir die Langenberger Torhymne nach einem denkw\u00fcrdigen Auftritt aus unserem K\u00f6pfen gestrichen haben, ging es zum Derby des Reserveteams der Landesligavertretung von Falke Steinfeld.<\/p>\n<p>Folgende Elf schickte unser Trainer Franz-Josef mit Co Stefan auf den Rasen vor gespannten 52 Zuschauern:<\/p>\n<p>Kampsen \u2013 Seb. Staerk, C. Breitenstein, H. Bley, C-B Staerk \u2013 D. Wehri (C) (52` T. Fangmann) \u2013 J. Olberding, C. Peckskamp, E. Schulte, F. Deters \u2013 J. L\u00fcbbehusen | Bank: S. Schockem\u00f6hle<\/p>\n<p>Spielverlauf:<\/p>\n<p>Wir fanden uns gut in das Spielgeschehen ein und lie\u00dfen in der Anfangsphase kaum eine Torchance der Steinfelder zu. Kurz vor dem Halbzeittee ergaben sich jedoch noch Torraumszenen durch unseren Gegner. In der 41 Minute konnte ein Gegentreffer durch das Zusammenspiel von Torwart und Geb\u00e4lk verhindert werden nach einer Volleyabnahme eines von unserer Abwehr entwischten St\u00fcrmers der Steinfelder. Nach dem Pausentee waren beide Mannschaften drauf und dran, den ersten Treffer zu erzielen. In der 66 Minute war es dann ein Konter der Steinfelder, der zum Ersten und leider einzigen Treffer an diesem Tag f\u00fchrte, aus allerdings sehr abseitsverd\u00e4chtiger Position. Alle lautstarken Reklamationen nach Abseits wurden leider vom Schiedsrichtergespann nicht wahrgenommen. Wir sammelten gegen Ende der Partie noch einmal alle unsere Kr\u00e4fte und hatten zum Schluss der Begegnung noch einige Chancen auf den mittlerweile verdienten Ausgleich. So wie in der 88 Minute, als Jannis einen Freisto\u00df an den Innenpfosten setzte. Aber leider hatten wir an diesem Tage nicht das Gl\u00fcck auf unserer Seite, um unserer Bem\u00fchung zu belohnen.<\/p>\n<p>Resultat der Partie: Der Gegner hat ein Tor mehr geschossen als wir, also mussten wir ohne Punkte wieder nach Hause fahren.<\/p>\n<p>Nun gilt, die Konzentration auf das n\u00e4chste Meisterschaftsspiel auf heimischem Rasen gegen das Reserveteam der Bezirksligamannschaft vom SFN Vechta zu richten, um diesmal etwas Z\u00e4hlbares zu ergattern. Ein gro\u00dfes Dankesch\u00f6n geht an Tobias Atze Fangmann raus, der von unserer dritten Herrenmannschaft aushalf und unser Spiel in der zweiten Halbzeit ma\u00dfgeblich belebte.<\/p>\n<p>\u00a0<\/p>\n<p>Bis dann, die II.<\/p>\n","protected":false},"excerpt":{"rendered":"<p>Spielbericht II \u2013 Herren: 23 Spieltag \u00a0 Nach dem wir die Langenberger Torhymne nach einem denkw\u00fcrdigen Auftritt aus unserem K\u00f6pfen gestrichen haben, ging es zum Derby des Reserveteams der Landesligavertretung von Falke Steinfeld. Folgende Elf schickte unser Trainer Franz-Josef mit Co Stefan auf den Rasen vor gespannten 52 Zuschauern: Kampsen \u2013 Seb. Staerk, C. Breitenstein, [&hellip;]<\/p>\n","protected":false},"author":3,"featured_media":0,"comment_status":"closed","ping_status":"closed","sticky":false,"template":"","format":"standard","meta":{"footnotes":""},"categories":[3],"tags":[],"_links":{"self":[{"href":"https:\/\/sw-osterfeine.de\/index.php?rest_route=\/wp\/v2\/posts\/29936"}],"collection":[{"href":"https:\/\/sw-osterfeine.de\/index.php?rest_route=\/wp\/v2\/posts"}],"about":[{"href":"https:\/\/sw-osterfeine.de\/index.php?rest_route=\/wp\/v2\/types\/post"}],"author":[{"embeddable":true,"href":"https:\/\/sw-osterfeine.de\/index.php?rest_route=\/wp\/v2\/users\/3"}],"replies":[{"embeddable":true,"href":"https:\/\/sw-osterfeine.de\/index.php?rest_route=%2Fwp%2Fv2%2Fcomments&post=29936"}],"version-history":[{"count":1,"href":"https:\/\/sw-osterfeine.de\/index.php?rest_route=\/wp\/v2\/posts\/29936\/revisions"}],"predecessor-version":[{"id":29937,"href":"https:\/\/sw-osterfeine.de\/index.php?rest_route=\/wp\/v2\/posts\/29936\/revisions\/29937"}],"wp:attachment":[{"href":"https:\/\/sw-osterfeine.de\/index.php?rest_route=%2Fwp%2Fv2%2Fmedia&parent=29936"}],"wp:term":[{"taxonomy":"category","embeddable":true,"href":"https:\/\/sw-osterfeine.de\/index.php?rest_route=%2Fwp%2Fv2%2Fcategories&post=29936"},{"taxonomy":"post_tag","embeddable":true,"href":"https:\/\/sw-osterfeine.de\/index.php?rest_route=%2Fwp%2Fv2%2Ftags&post=29936"}],"curies":[{"name":"wp","href":"https:\/\/api.w.org\/{rel}","templated":true}]}}