{"id":29938,"date":"2022-04-08T08:26:46","date_gmt":"2022-04-08T06:26:46","guid":{"rendered":"https:\/\/sw-osterfeine.de\/?p=29938"},"modified":"2022-04-08T08:26:46","modified_gmt":"2022-04-08T06:26:46","slug":"ehemalige-osv-fussballer-treffen-sich-vor-bezirksligaspiel","status":"publish","type":"post","link":"https:\/\/sw-osterfeine.de\/?p=29938","title":{"rendered":"Ehemalige OSV-Fu\u00dfballer treffen sich vor Bezirksligaspiel"},"content":{"rendered":"\n<p>Zahlreiche OSV-Fu\u00dfballer mit gro\u00dfer Vergangenheit trafen sich am vergangenen Sonntag vor dem OSV Heimspiel gegen Amas. Lohne im Clubraum bei Kaffee und Kuchen zu einem Wiedersehen. Zahlreiche \u00dc65er waren der Einladung gefolgt und konnten alte Fu\u00dfballerinnerungen wieder aufleben lassen. OSV Kassenwart Ulrich Lampe begr\u00fc\u00dfte alle G\u00e4ste im Namen des OSV ganz herzlich und unsere FSJler hatten einen Film \u00fcber den OSV im Jahre 2022 erstellt. Petra B\u00f6ckerstette sorgte in gewohnter Manier f\u00fcr eine nette und st\u00e4rkende Bewirtung der OSV-Fu\u00dfballlegenden.<\/p>\n\n\n\n<p>Der Vorstand bem\u00fcht sich, in der Zukunft zweimal j\u00e4hrlich ein&nbsp; Fu\u00dfballertreffen f\u00fcr Ehemalige zu organisieren und versucht, den Kreis der Teilnehmer zu erweitern, damit die Verbindung zum OSV auch im Alter nicht verloren geht. Ebenso versuchen wir dann Termine zu finden, an denen die aktuellen Spieler von SW Osterfeine I nicht mit einer Heimniederlage vorliebnehmen m\u00fcssen.<\/p>\n\n\n\n\n\t\t<style type=\"text\/css\">\n\t\t\t#gallery-1 {\n\t\t\t\tmargin: auto;\n\t\t\t}\n\t\t\t#gallery-1 .gallery-item {\n\t\t\t\tfloat: left;\n\t\t\t\tmargin-top: 10px;\n\t\t\t\ttext-align: center;\n\t\t\t\twidth: 33%;\n\t\t\t}\n\t\t\t#gallery-1 img {\n\t\t\t\tborder: 2px solid #cfcfcf;\n\t\t\t}\n\t\t\t#gallery-1 .gallery-caption {\n\t\t\t\tmargin-left: 0;\n\t\t\t}\n\t\t\t\/* see gallery_shortcode() in wp-includes\/media.php *\/\n\t\t<\/style>\n\t\t<div id='gallery-1' class='gallery galleryid-29938 gallery-columns-3 gallery-size-thumbnail'><dl class='gallery-item'>\n\t\t\t<dt class='gallery-icon landscape'>\n\t\t\t\t<a href='https:\/\/sw-osterfeine.de\/wp-content\/uploads\/2022\/04\/Ehemaligentreffen1.jpg' title=\"\" data-rl_title=\"\" class=\"rl-gallery-link\" data-rl_caption=\"\" data-rel=\"lightbox-gallery-1\"><img loading=\"lazy\" decoding=\"async\" width=\"150\" height=\"150\" src=\"https:\/\/sw-osterfeine.de\/wp-content\/uploads\/2022\/04\/Ehemaligentreffen1-150x150.jpg\" class=\"attachment-thumbnail size-thumbnail\" alt=\"\" \/><\/a>\n\t\t\t<\/dt><\/dl><dl class='gallery-item'>\n\t\t\t<dt class='gallery-icon landscape'>\n\t\t\t\t<a href='https:\/\/sw-osterfeine.de\/wp-content\/uploads\/2022\/04\/ehemaligentreffen2.jpg' title=\"\" data-rl_title=\"\" class=\"rl-gallery-link\" data-rl_caption=\"\" data-rel=\"lightbox-gallery-1\"><img loading=\"lazy\" decoding=\"async\" width=\"150\" height=\"150\" src=\"https:\/\/sw-osterfeine.de\/wp-content\/uploads\/2022\/04\/ehemaligentreffen2-150x150.jpg\" class=\"attachment-thumbnail size-thumbnail\" alt=\"\" \/><\/a>\n\t\t\t<\/dt><\/dl><dl class='gallery-item'>\n\t\t\t<dt class='gallery-icon landscape'>\n\t\t\t\t<a href='https:\/\/sw-osterfeine.de\/wp-content\/uploads\/2022\/04\/Ehemaligentreffen3.jpg' title=\"\" data-rl_title=\"\" class=\"rl-gallery-link\" data-rl_caption=\"\" data-rel=\"lightbox-gallery-1\"><img loading=\"lazy\" decoding=\"async\" width=\"150\" height=\"150\" src=\"https:\/\/sw-osterfeine.de\/wp-content\/uploads\/2022\/04\/Ehemaligentreffen3-150x150.jpg\" class=\"attachment-thumbnail size-thumbnail\" alt=\"\" \/><\/a>\n\t\t\t<\/dt><\/dl><br style=\"clear: both\" \/><dl class='gallery-item'>\n\t\t\t<dt class='gallery-icon landscape'>\n\t\t\t\t<a href='https:\/\/sw-osterfeine.de\/wp-content\/uploads\/2022\/04\/Ehemaligentreffen4.jpg' title=\"\" data-rl_title=\"\" class=\"rl-gallery-link\" data-rl_caption=\"\" data-rel=\"lightbox-gallery-1\"><img loading=\"lazy\" decoding=\"async\" width=\"150\" height=\"150\" src=\"https:\/\/sw-osterfeine.de\/wp-content\/uploads\/2022\/04\/Ehemaligentreffen4-150x150.jpg\" class=\"attachment-thumbnail size-thumbnail\" alt=\"\" \/><\/a>\n\t\t\t<\/dt><\/dl>\n\t\t\t<br style='clear: both' \/>\n\t\t<\/div>\n\n","protected":false},"excerpt":{"rendered":"<p>Zahlreiche OSV-Fu\u00dfballer mit gro\u00dfer Vergangenheit trafen sich am vergangenen Sonntag vor dem OSV Heimspiel gegen Amas. Lohne im Clubraum bei Kaffee und Kuchen zu einem Wiedersehen. Zahlreiche \u00dc65er waren der Einladung gefolgt und konnten alte Fu\u00dfballerinnerungen wieder aufleben lassen. OSV Kassenwart Ulrich Lampe begr\u00fc\u00dfte alle G\u00e4ste im Namen des OSV ganz herzlich und unsere FSJler [&hellip;]<\/p>\n","protected":false},"author":3,"featured_media":0,"comment_status":"closed","ping_status":"closed","sticky":false,"template":"","format":"standard","meta":{"footnotes":""},"categories":[37],"tags":[],"_links":{"self":[{"href":"https:\/\/sw-osterfeine.de\/index.php?rest_route=\/wp\/v2\/posts\/29938"}],"collection":[{"href":"https:\/\/sw-osterfeine.de\/index.php?rest_route=\/wp\/v2\/posts"}],"about":[{"href":"https:\/\/sw-osterfeine.de\/index.php?rest_route=\/wp\/v2\/types\/post"}],"author":[{"embeddable":true,"href":"https:\/\/sw-osterfeine.de\/index.php?rest_route=\/wp\/v2\/users\/3"}],"replies":[{"embeddable":true,"href":"https:\/\/sw-osterfeine.de\/index.php?rest_route=%2Fwp%2Fv2%2Fcomments&post=29938"}],"version-history":[{"count":1,"href":"https:\/\/sw-osterfeine.de\/index.php?rest_route=\/wp\/v2\/posts\/29938\/revisions"}],"predecessor-version":[{"id":29945,"href":"https:\/\/sw-osterfeine.de\/index.php?rest_route=\/wp\/v2\/posts\/29938\/revisions\/29945"}],"wp:attachment":[{"href":"https:\/\/sw-osterfeine.de\/index.php?rest_route=%2Fwp%2Fv2%2Fmedia&parent=29938"}],"wp:term":[{"taxonomy":"category","embeddable":true,"href":"https:\/\/sw-osterfeine.de\/index.php?rest_route=%2Fwp%2Fv2%2Fcategories&post=29938"},{"taxonomy":"post_tag","embeddable":true,"href":"https:\/\/sw-osterfeine.de\/index.php?rest_route=%2Fwp%2Fv2%2Ftags&post=29938"}],"curies":[{"name":"wp","href":"https:\/\/api.w.org\/{rel}","templated":true}]}}