{"id":29950,"date":"2022-04-08T17:05:41","date_gmt":"2022-04-08T15:05:41","guid":{"rendered":"https:\/\/sw-osterfeine.de\/?p=29950"},"modified":"2022-04-12T18:06:48","modified_gmt":"2022-04-12T16:06:48","slug":"swo-ferienbetreuung-tag-5","status":"publish","type":"post","link":"https:\/\/sw-osterfeine.de\/?p=29950","title":{"rendered":"SWO Ferienbetreuung: Tag 5"},"content":{"rendered":"\n<p>Am letzten Tag der Ferienbetreuung konnten sich die Kinder nochmal ordentlich austoben.\u00a0<br \/>Die M\u00f6glichkeit der freien Besch\u00e4ftigung wurde von den Kindern sehr unterschiedlich genutzt&#8230;<br \/>Die Einen zeigten ihr K\u00f6nnen an den Turnringen, Andere bauten sich im Fitnessraum 1 einen eigenen kleinen Parkour und wieder Andere leerten ihre Energierspeicher beim Zombieball-Spielen in der Halle.<\/p>\n<p>Besagter Energiespeicher konnte beim Mittagessen durch die sagenumwobenen Schwarz-Wei\u00dfen Mantaplatten wieder aufgef\u00fcllt werden. Zum Nachtisch gab es nat\u00fcrlich wieder reichlich Flutschfinger.<br \/>Ein riesen Dankesch\u00f6n an der Stelle an Petra, Lotta und Marieke,\u00a0 die tapfer im Imbiss die Stellung hielten, w\u00e4hrend die Meute hungriger Kinder \u00fcber sie herzufielen schien.<\/p>\n<p>Au\u00dferdem konnten die Kinder wieder ihrer Kreativit\u00e4t beim Basteln freien lauf lassen.<br \/>Das Highlight war hierbei definitiv das St\u00fcck Tapete, auf dem sich die Kinder per Handabdruck verewigen konnten. <br \/>Zum Abschluss spielten wir zuerst eine Partie &#8222;Bombe&#8220;, gefolgt von einer Revanche in Sachen Jungs gegen M\u00e4dchen. <br \/>Zwar konnten sich die Jungs beim Fussball erwartungsgem\u00e4\u00df durchsetzen, mit dem Ball in der Hand konnten sie allerdings herzlich wenig anfangen. <br \/>Das Fehlen von Starspielerin Inga zeigte sich deutlich in Form einer l\u00f6chrigen Defensive, einem spielschwachen Mittelfeld und einer Offensive, die an diesem Tag mal lieber im Bett geblieben w\u00e4re.<\/p>\n<p>Alles in Allem hatten die Kinder eine super Woche.<br \/>M\u00f6glich gemacht wurde diese nur durch unsere Helfer Lotta, Greta, Carla, Karina, Pauline und Johanne, sowie Johann, Lilly, Eva, Greta, Marieke, Inga und Anna. <br \/>Vielen Dank euch!<br \/>Danke auch an Petra, die uns jeden Tag mit der feinsten Kulinarik verk\u00f6stigte und sicherstellte, dass kein Kind hungrig nach Hause geht. <br \/><br \/><\/p>\n\n\t\t<style type=\"text\/css\">\n\t\t\t#gallery-1 {\n\t\t\t\tmargin: auto;\n\t\t\t}\n\t\t\t#gallery-1 .gallery-item {\n\t\t\t\tfloat: left;\n\t\t\t\tmargin-top: 10px;\n\t\t\t\ttext-align: center;\n\t\t\t\twidth: 33%;\n\t\t\t}\n\t\t\t#gallery-1 img {\n\t\t\t\tborder: 2px solid #cfcfcf;\n\t\t\t}\n\t\t\t#gallery-1 .gallery-caption {\n\t\t\t\tmargin-left: 0;\n\t\t\t}\n\t\t\t\/* see gallery_shortcode() in wp-includes\/media.php *\/\n\t\t<\/style>\n\t\t<div id='gallery-1' class='gallery galleryid-29950 gallery-columns-3 gallery-size-thumbnail'><dl class='gallery-item'>\n\t\t\t<dt class='gallery-icon portrait'>\n\t\t\t\t<a href='https:\/\/sw-osterfeine.de\/wp-content\/uploads\/2022\/04\/FreitagBasteln1.jpg' title=\"\" data-rl_title=\"\" class=\"rl-gallery-link\" data-rl_caption=\"\" data-rel=\"lightbox-gallery-1\"><img loading=\"lazy\" decoding=\"async\" width=\"150\" height=\"150\" src=\"https:\/\/sw-osterfeine.de\/wp-content\/uploads\/2022\/04\/FreitagBasteln1-150x150.jpg\" class=\"attachment-thumbnail size-thumbnail\" alt=\"\" \/><\/a>\n\t\t\t<\/dt><\/dl><dl class='gallery-item'>\n\t\t\t<dt class='gallery-icon landscape'>\n\t\t\t\t<a href='https:\/\/sw-osterfeine.de\/wp-content\/uploads\/2022\/04\/FreitagBAsteln2.jpg' title=\"\" data-rl_title=\"\" class=\"rl-gallery-link\" data-rl_caption=\"\" data-rel=\"lightbox-gallery-1\"><img loading=\"lazy\" decoding=\"async\" width=\"150\" height=\"150\" src=\"https:\/\/sw-osterfeine.de\/wp-content\/uploads\/2022\/04\/FreitagBAsteln2-150x150.jpg\" class=\"attachment-thumbnail size-thumbnail\" alt=\"\" \/><\/a>\n\t\t\t<\/dt><\/dl><dl class='gallery-item'>\n\t\t\t<dt class='gallery-icon portrait'>\n\t\t\t\t<a href='https:\/\/sw-osterfeine.de\/wp-content\/uploads\/2022\/04\/FreitagBasteln3.jpg' title=\"\" data-rl_title=\"\" class=\"rl-gallery-link\" data-rl_caption=\"\" data-rel=\"lightbox-gallery-1\"><img loading=\"lazy\" decoding=\"async\" width=\"150\" height=\"150\" src=\"https:\/\/sw-osterfeine.de\/wp-content\/uploads\/2022\/04\/FreitagBasteln3-150x150.jpg\" class=\"attachment-thumbnail size-thumbnail\" alt=\"\" \/><\/a>\n\t\t\t<\/dt><\/dl><br style=\"clear: both\" \/><dl class='gallery-item'>\n\t\t\t<dt class='gallery-icon landscape'>\n\t\t\t\t<a href='https:\/\/sw-osterfeine.de\/wp-content\/uploads\/2022\/04\/GruppenbildFreitag.jpg' title=\"\" data-rl_title=\"\" class=\"rl-gallery-link\" data-rl_caption=\"\" data-rel=\"lightbox-gallery-1\"><img loading=\"lazy\" decoding=\"async\" width=\"150\" height=\"150\" src=\"https:\/\/sw-osterfeine.de\/wp-content\/uploads\/2022\/04\/GruppenbildFreitag-150x150.jpg\" class=\"attachment-thumbnail size-thumbnail\" alt=\"\" \/><\/a>\n\t\t\t<\/dt><\/dl><dl class='gallery-item'>\n\t\t\t<dt class='gallery-icon landscape'>\n\t\t\t\t<a href='https:\/\/sw-osterfeine.de\/wp-content\/uploads\/2022\/02\/Osterei.png' title=\"\" data-rl_title=\"\" class=\"rl-gallery-link\" data-rl_caption=\"\" data-rel=\"lightbox-gallery-1\"><img loading=\"lazy\" decoding=\"async\" width=\"150\" height=\"150\" src=\"https:\/\/sw-osterfeine.de\/wp-content\/uploads\/2022\/02\/Osterei-150x150.png\" class=\"attachment-thumbnail size-thumbnail\" alt=\"\" srcset=\"https:\/\/sw-osterfeine.de\/wp-content\/uploads\/2022\/02\/Osterei-150x150.png 150w, https:\/\/sw-osterfeine.de\/wp-content\/uploads\/2022\/02\/Osterei-300x300.png 300w, https:\/\/sw-osterfeine.de\/wp-content\/uploads\/2022\/02\/Osterei.png 512w\" sizes=\"(max-width: 150px) 100vw, 150px\" \/><\/a>\n\t\t\t<\/dt><\/dl>\n\t\t\t<br style='clear: both' \/>\n\t\t<\/div>\n\n","protected":false},"excerpt":{"rendered":"<p>Am letzten Tag der Ferienbetreuung konnten sich die Kinder nochmal ordentlich austoben.\u00a0Die M\u00f6glichkeit der freien Besch\u00e4ftigung wurde von den Kindern sehr unterschiedlich genutzt&#8230;Die Einen zeigten ihr K\u00f6nnen an den Turnringen, Andere bauten sich im Fitnessraum 1 einen eigenen kleinen Parkour und wieder Andere leerten ihre Energierspeicher beim Zombieball-Spielen in der Halle. Besagter Energiespeicher konnte beim [&hellip;]<\/p>\n","protected":false},"author":3,"featured_media":0,"comment_status":"closed","ping_status":"closed","sticky":false,"template":"","format":"standard","meta":{"footnotes":""},"categories":[37],"tags":[],"_links":{"self":[{"href":"https:\/\/sw-osterfeine.de\/index.php?rest_route=\/wp\/v2\/posts\/29950"}],"collection":[{"href":"https:\/\/sw-osterfeine.de\/index.php?rest_route=\/wp\/v2\/posts"}],"about":[{"href":"https:\/\/sw-osterfeine.de\/index.php?rest_route=\/wp\/v2\/types\/post"}],"author":[{"embeddable":true,"href":"https:\/\/sw-osterfeine.de\/index.php?rest_route=\/wp\/v2\/users\/3"}],"replies":[{"embeddable":true,"href":"https:\/\/sw-osterfeine.de\/index.php?rest_route=%2Fwp%2Fv2%2Fcomments&post=29950"}],"version-history":[{"count":2,"href":"https:\/\/sw-osterfeine.de\/index.php?rest_route=\/wp\/v2\/posts\/29950\/revisions"}],"predecessor-version":[{"id":29974,"href":"https:\/\/sw-osterfeine.de\/index.php?rest_route=\/wp\/v2\/posts\/29950\/revisions\/29974"}],"wp:attachment":[{"href":"https:\/\/sw-osterfeine.de\/index.php?rest_route=%2Fwp%2Fv2%2Fmedia&parent=29950"}],"wp:term":[{"taxonomy":"category","embeddable":true,"href":"https:\/\/sw-osterfeine.de\/index.php?rest_route=%2Fwp%2Fv2%2Fcategories&post=29950"},{"taxonomy":"post_tag","embeddable":true,"href":"https:\/\/sw-osterfeine.de\/index.php?rest_route=%2Fwp%2Fv2%2Ftags&post=29950"}],"curies":[{"name":"wp","href":"https:\/\/api.w.org\/{rel}","templated":true}]}}