{"id":29979,"date":"2022-04-12T18:50:44","date_gmt":"2022-04-12T16:50:44","guid":{"rendered":"https:\/\/sw-osterfeine.de\/?p=29979"},"modified":"2022-04-12T18:50:44","modified_gmt":"2022-04-12T16:50:44","slug":"lauftreff-hannover-marathon","status":"publish","type":"post","link":"https:\/\/sw-osterfeine.de\/?p=29979","title":{"rendered":"Lauftreff: Hannover Marathon"},"content":{"rendered":"\n<p>Am 03. April war der Lauftreff vom SWO beim Hannover Marathon vertreten. Kurz vor dem Startschuss gaben Franz Steinkamp, Andre Brune-Suszka und Olaf Dickmajer ein Interview bei RTL. Diese k\u00f6nnt ihr euch hier ansehen.<\/p>\n<p>Andre und Franz haben den Marathon in einer Zeit von 4:27:20 beenden k\u00f6nnen. Herzlichen Gl\u00fcckwunsch dazu!<\/p>\n<p>\u00a0<\/p>\n<p>\u00a0<\/p>\n<p><a href=\"https:\/\/sw-osterfeine.de\/wp-content\/uploads\/2022\/04\/Video-Lauftreff-Hannover.mov\">Video Lauftreff Hannover<\/a><\/p>\n<p><a href=\"https:\/\/sw-osterfeine.de\/wp-content\/uploads\/2022\/04\/Video-Lauftreff-Hannover-2.mov\">Video Lauftreff &#8218;Hannover 2<\/a><\/p>\n","protected":false},"excerpt":{"rendered":"<p>Am 03. April war der Lauftreff vom SWO beim Hannover Marathon vertreten. Kurz vor dem Startschuss gaben Franz Steinkamp, Andre Brune-Suszka und Olaf Dickmajer ein Interview bei RTL. Diese k\u00f6nnt ihr euch hier ansehen. Andre und Franz haben den Marathon in einer Zeit von 4:27:20 beenden k\u00f6nnen. Herzlichen Gl\u00fcckwunsch dazu! \u00a0 \u00a0 Video Lauftreff Hannover [&hellip;]<\/p>\n","protected":false},"author":3,"featured_media":0,"comment_status":"closed","ping_status":"closed","sticky":false,"template":"","format":"standard","meta":{"footnotes":""},"categories":[38],"tags":[],"_links":{"self":[{"href":"https:\/\/sw-osterfeine.de\/index.php?rest_route=\/wp\/v2\/posts\/29979"}],"collection":[{"href":"https:\/\/sw-osterfeine.de\/index.php?rest_route=\/wp\/v2\/posts"}],"about":[{"href":"https:\/\/sw-osterfeine.de\/index.php?rest_route=\/wp\/v2\/types\/post"}],"author":[{"embeddable":true,"href":"https:\/\/sw-osterfeine.de\/index.php?rest_route=\/wp\/v2\/users\/3"}],"replies":[{"embeddable":true,"href":"https:\/\/sw-osterfeine.de\/index.php?rest_route=%2Fwp%2Fv2%2Fcomments&post=29979"}],"version-history":[{"count":1,"href":"https:\/\/sw-osterfeine.de\/index.php?rest_route=\/wp\/v2\/posts\/29979\/revisions"}],"predecessor-version":[{"id":29982,"href":"https:\/\/sw-osterfeine.de\/index.php?rest_route=\/wp\/v2\/posts\/29979\/revisions\/29982"}],"wp:attachment":[{"href":"https:\/\/sw-osterfeine.de\/index.php?rest_route=%2Fwp%2Fv2%2Fmedia&parent=29979"}],"wp:term":[{"taxonomy":"category","embeddable":true,"href":"https:\/\/sw-osterfeine.de\/index.php?rest_route=%2Fwp%2Fv2%2Fcategories&post=29979"},{"taxonomy":"post_tag","embeddable":true,"href":"https:\/\/sw-osterfeine.de\/index.php?rest_route=%2Fwp%2Fv2%2Ftags&post=29979"}],"curies":[{"name":"wp","href":"https:\/\/api.w.org\/{rel}","templated":true}]}}