{"id":30156,"date":"2022-05-16T13:42:53","date_gmt":"2022-05-16T11:42:53","guid":{"rendered":"https:\/\/sw-osterfeine.de\/?p=30156"},"modified":"2022-05-16T13:42:53","modified_gmt":"2022-05-16T11:42:53","slug":"1-b-jugend-fussball-6","status":"publish","type":"post","link":"https:\/\/sw-osterfeine.de\/?p=30156","title":{"rendered":"1.B-Jugend Fu\u00dfball"},"content":{"rendered":"\n<p>TUS Lutten \u2013 SW Osterfeine 1:4<\/p>\n<p>Es war wieder so weit. Am Samstag mussten wir ausw\u00e4rts beim TUS Lutten ran. Ziel war es, mit dem sehr dezimierten Kader, eine Reaktion zu zeigen und das entt\u00e4uschende Remis gegen Neuenkirchen wiedergutzumachen. Victor Chifan aus der \u201e2.\u201c half uns aus, damit wir immerhin auf 12 Mann kamen\u2026 Danke daf\u00fcr. Freddy und Felix mussten heute die Chefcoach-Rolle \u00fcbernehmen, da auch Pohler coronabedingt ausfiel.<\/p>\n<p>Auf dem sehr kleinen Platz wollten wir von Anfang an in den Zweik\u00e4mpfen pr\u00e4sent sein und Druck auf den Gegner aufbauen. Dies gelang uns durchaus gut, wobei sauberes Passspiel durch den holprigen Platz extrem schwer zu gestalten war. In der 18. Minute gewann Glandorf mit seinem Klasse Kopfballspiel einen Luftzweikampf. Den Ball bef\u00f6rderte er gekonnt zu Max auf die rechte Seite. Dieser legte den Ball quer in den Sechzehner, wo Tim K goldrichtig stand und den Ball aus rund 14 Metern zum 0:1 einnetzte. Danach waren, bis auf die 40. Minute, auf beiden Seiten Gro\u00dfchancen eher Mangelware. Lutten kam kurz vor der Pause dann doch zur Riesenchance. Innenpfosten, Innenpfosten und dann hatte Moritz Sonnen den Ball. Gl\u00fcck f\u00fcr uns.<!--more--><\/p>\n<p>5 Minuten nach Anpfiff der zweiten H\u00e4lfte war es abermals Maue, welcher Tim K. den Ball quer legte. Dieser lie\u00df sich seine zweite Chance nicht nehmen und traf zum Wichtigen 0:2. Wir waren weiterhin gut in den Zweik\u00e4mpfen. Lutten erarbeitete sich aber trotzdem immer wieder gute Chancen, welche jedoch in Zusammenarbeit von Keeper und Abwehr bereinigt werden konnten.<\/p>\n<p>Wir mussten nachlegen, um Ruhe ins Spiel zu bringen. So tankte sich Tom Neteler im Sprintduell bis in den Strafraum durch und servierte ma\u00dfgenau unserem Knipser K, sodass dieser aus 5. Metern nur noch einschieben musste (55. Minute 0:3). Lutten gab sich in Folge nicht auf und hatte weiterhin die eine oder andere Torchance. In der 72. wurde ihr St\u00fcrmer lang geschickt (abseitsverd\u00e4chtige Position) und netzte in die lange Ecke. Wir spielten das Ding nun dennoch clever runter und lie\u00dfen uns nicht aus der Ruhe bringen. Den Schlusspunkt, wer h\u00e4tte es gedacht, setzte erneut Kreinest nach einem Querleger von Neteler (79.).<\/p>\n<p>Lutten war in diesem Spiel im klaren Chancenplus. Wir hatten quasi vier Gro\u00dfchancen und die brutale Effektivit\u00e4t eines Tim K machte den Unterschied. Zitat Trainer Lutten: \u201eVier mal dieselbe Sch*i\u00dfe\u201c (80.). Zitat Tim K: \u201eNormaler Samstag.\u201c Alles in allem top Samstag und Tabellenf\u00fchrung ausgebaut.<\/p>\n<p>Die N\u00e4chsten 3 Punkte wollen wir n\u00e4chsten Samstag Zuhause gegen den TUS Hasbergen einfahren (21.05, 16:30 Uhr). Wir bitten um zahlreiche Unterst\u00fctzung.<\/p>\n<p>Mit freundlichen Gr\u00fc\u00dfen<\/p>\n<p>Moritz Sonnen<\/p>\n<p>\u00a0<\/p>\n<p>Aufstellung:\u00a0\u00a0\u00a0\u00a0\u00a0\u00a0\u00a0\u00a0\u00a0\u00a0\u00a0 \u00a0\u00a0\u00a0\u00a0\u00a0\u00a0\u00a0\u00a0\u00a0 M. Sonnen<\/p>\n<p>T.Fischer \u00a0 \u00a0 \u00a0 \u00a0\u00a0 \u00a0 \u00a0 N. Kramer\u00a0\u00a0\u00a0\u00a0\u00a0\u00a0\u00a0\u00a0\u00a0\u00a0\u00a0\u00a0\u00a0\u00a0 M. Otte\u00a0\u00a0\u00a0\u00a0\u00a0\u00a0\u00a0\u00a0\u00a0\u00a0\u00a0\u00a0\u00a0\u00a0\u00a0\u00a0\u00a0\u00a0\u00a0\u00a0\u00a0 J. Kohake<\/p>\n<p>\u00a0\u00a0\u00a0\u00a0\u00a0\u00a0\u00a0\u00a0\u00a0\u00a0\u00a0\u00a0\u00a0\u00a0\u00a0\u00a0\u00a0\u00a0\u00a0\u00a0 M.Glandorf \u00a0 \u00a0 \u00a0 \u00a0 \u00a0 \u00a0 \u00a0 \u00a0 \u00a0 \u00a0 M.-J. St\u00e4rk<\/p>\n<p>\u00a0\u00a0 T.Neteler \u00a0 \u00a0 \u00a0 \u00a0 \u00a0 \u00a0 \u00a0 \u00a0 \u00a0 \u00a0 \u00a0\u00a0 M. Maue\u00a0\u00a0\u00a0\u00a0\u00a0\u00a0\u00a0\u00a0\u00a0\u00a0\u00a0\u00a0\u00a0\u00a0\u00a0\u00a0\u00a0\u00a0\u00a0\u00a0\u00a0\u00a0\u00a0\u00a0\u00a0\u00a0 L. Dalinghaus<\/p>\n<p>\u00a0\u00a0\u00a0\u00a0\u00a0\u00a0\u00a0\u00a0\u00a0\u00a0\u00a0\u00a0\u00a0\u00a0\u00a0\u00a0\u00a0\u00a0\u00a0\u00a0\u00a0\u00a0\u00a0\u00a0 \u00a0 \u00a0 \u00a0\u00a0 \u00a0\u00a0\u00a0\u00a0\u00a0\u00a0\u00a0 T.Kreinest<\/p>\n<p>Bank: V. Chifan<\/p>\n<p>Tore: 0:1 Kreinest (Maue)<\/p>\n<p>\u00a0\u00a0\u00a0\u00a0\u00a0\u00a0\u00a0\u00a0\u00a0 0:2 Kreinest (Maue)<\/p>\n<p>\u00a0\u00a0\u00a0\u00a0\u00a0\u00a0\u00a0\u00a0\u00a0 0:3 Kreinest ( Neteler)<\/p>\n<p>\u00a0\u00a0\u00a0\u00a0\u00a0\u00a0\u00a0\u00a0\u00a0 1:3<\/p>\n<p>\u00a0\u00a0\u00a0\u00a0\u00a0\u00a0\u00a0\u00a0\u00a0 1:4 Kreinest (Neteler)<\/p>\n","protected":false},"excerpt":{"rendered":"<p>TUS Lutten \u2013 SW Osterfeine 1:4 Es war wieder so weit. Am Samstag mussten wir ausw\u00e4rts beim TUS Lutten ran. Ziel war es, mit dem sehr dezimierten Kader, eine Reaktion zu zeigen und das entt\u00e4uschende Remis gegen Neuenkirchen wiedergutzumachen. Victor Chifan aus der \u201e2.\u201c half uns aus, damit wir immerhin auf 12 Mann kamen\u2026 Danke [&hellip;]<\/p>\n","protected":false},"author":3,"featured_media":0,"comment_status":"closed","ping_status":"closed","sticky":false,"template":"","format":"standard","meta":{"footnotes":""},"categories":[3],"tags":[],"_links":{"self":[{"href":"https:\/\/sw-osterfeine.de\/index.php?rest_route=\/wp\/v2\/posts\/30156"}],"collection":[{"href":"https:\/\/sw-osterfeine.de\/index.php?rest_route=\/wp\/v2\/posts"}],"about":[{"href":"https:\/\/sw-osterfeine.de\/index.php?rest_route=\/wp\/v2\/types\/post"}],"author":[{"embeddable":true,"href":"https:\/\/sw-osterfeine.de\/index.php?rest_route=\/wp\/v2\/users\/3"}],"replies":[{"embeddable":true,"href":"https:\/\/sw-osterfeine.de\/index.php?rest_route=%2Fwp%2Fv2%2Fcomments&post=30156"}],"version-history":[{"count":1,"href":"https:\/\/sw-osterfeine.de\/index.php?rest_route=\/wp\/v2\/posts\/30156\/revisions"}],"predecessor-version":[{"id":30157,"href":"https:\/\/sw-osterfeine.de\/index.php?rest_route=\/wp\/v2\/posts\/30156\/revisions\/30157"}],"wp:attachment":[{"href":"https:\/\/sw-osterfeine.de\/index.php?rest_route=%2Fwp%2Fv2%2Fmedia&parent=30156"}],"wp:term":[{"taxonomy":"category","embeddable":true,"href":"https:\/\/sw-osterfeine.de\/index.php?rest_route=%2Fwp%2Fv2%2Fcategories&post=30156"},{"taxonomy":"post_tag","embeddable":true,"href":"https:\/\/sw-osterfeine.de\/index.php?rest_route=%2Fwp%2Fv2%2Ftags&post=30156"}],"curies":[{"name":"wp","href":"https:\/\/api.w.org\/{rel}","templated":true}]}}