{"id":30232,"date":"2022-06-09T13:38:20","date_gmt":"2022-06-09T11:38:20","guid":{"rendered":"https:\/\/sw-osterfeine.de\/?p=30232"},"modified":"2022-06-09T13:45:01","modified_gmt":"2022-06-09T11:45:01","slug":"1-b-jugend-steht-im-finale","status":"publish","type":"post","link":"https:\/\/sw-osterfeine.de\/?p=30232","title":{"rendered":"1.B Jugend steht im Finale!"},"content":{"rendered":"\n<p>Am vergangenen Dienstag mussten wir uns im Pokalhalbfinale unseren Kontrahenten aus Lutten stellen. Unter besten Fussballbedingungen und auf einem herausragenden Rasenplatz (ein gro\u00dfes Lob an dieser Stelle an den Lutter Platzwart) k\u00e4mpften wir um den Einzug ins Endspiel.<\/p>\n<p>Nach einem Pokalfight sah das Spiel allerdings zun\u00e4chst nicht aus\u2026 zumindest nicht von unserer Seite. Wir agierten zu z\u00f6gerlich im Punkto Balleroberung und wenn wir es dann doch vollbrachten das Spielger\u00e4t zu bekommen, spielten wir es viel zu hektisch meist direkt in die F\u00fc\u00dfe der gegnerischen Verteidiger.<\/p>\n<p>Die Quittung daf\u00fcr bekamen wir in der 12. Minute. Nach einem langen Ball waren sich Torh\u00fcter Moritz Sonnen und Innenverteidiger Moritz Otte nicht ganz einig und stie\u00dfen zusammen. Der Lutter Angreifer nutzte die sich bietende Gelegenheit und schob zur 1:0 F\u00fchrung in das leerstehende Geh\u00e4use.<\/p>\n<p>Diesen Weckruf schienen wir jedoch gebraucht zu haben. Nur sechs Minuten sp\u00e4ter steckte Benny den Ball stark auf den am Strafraum lauernden Max durch. Dieser drehte sich geschickt um seinen Gegenspieler herum und brachte die Kugel im langen Eck unter. Wir waren insgesamt nun besser im Spiel und insbesondere wacher in den Zweik\u00e4mpfen.<!--more--><\/p>\n<p>Zum Erfolg f\u00fchrte dann eine Standardsituation. Kapit\u00e4n Max-Josef \u201eJ\u00f6ppi\u201c St\u00e4rk hatte einen Freisto\u00df an der linken Strafraumecke herausgeholt und Tom lie\u00df sich von den Kommentaren der eigenen Trainerbank (\u201eWarum schie\u00dft Maue nicht?\u201c, \u201eWenn er schlau ist zieht er den auf den zweiten Pfosten.\u201c) nicht beirren. Kurzer Anlauf, kurzes Kreuzeck\u2026 das 1:2 in der 26. Minute. Spiel gedreht.<\/p>\n<p>Und es sollte noch besser kommen. Der in den letzten Wochen manchmal etwas gl\u00fccklos agierende Harry belohnte sich kurz vor der Pause f\u00fcr seine Bem\u00fchungen, w\u00fchlte sich zentral am Strafraum durch und brachte uns mit einem Linksschuss in die lange Ecke mit 1:3 in Front.<\/p>\n<p>Uns war klar, dass wir zwar einen gro\u00dfen Schritt in Richtung Finale gemacht hatten, wussten aber ebenso, dass Lutten sich sicher nicht kampflos ergeben w\u00fcrde. Wir wollten aktiv dagegenhalten und m\u00f6glichst schnell etwas Z\u00e4hlbares nachlegen.<\/p>\n<p>Chancen dazu gab es durchaus, aber auch auf der Gegenseite gelang es unseren Kontrahenten vereinzelt Nadelstiche zu setzen. Der eingewechselte Tim K brachte dann etwas mehr Ruhe in die Sache. Zun\u00e4chst schickte Max Harry auf die Reise, der seinen Ausflug an der Grundlinie beendete und quer durch den F\u00fcnf-Meter-Raum spielte. Unser Torj\u00e4ger vom Dienst musste nur noch den Fu\u00df hinhalten (60. Minute).<\/p>\n<p>F\u00fcr Lutten hie\u00df es sp\u00e4testens mit dem 1:4 \u201ealles oder nichts\u201c. Wir versuchten die sich bietenden L\u00fccken zu unserem Vorteil zu nutzen, blieben mit unseren Angriffen jedoch erfolglos. Stattdessen konnte unser Gegner nach einem erneuten, untypischen Missverst\u00e4ndnis in unserer Hintermannschaft (Noah und Otte konnten sich nicht so richtig einigen, wer denn nun zum Kopfball geht) in der 72. Minute den 2:4 Anschlusstreffer erzielen.<\/p>\n<p>Es wurde also nochmal hei\u00df, erst recht als nur 5 Minuten sp\u00e4ter der Ball erneut in unserem Netz zappelte. Nach einer Freisto\u00dfflanke bekamen wir diesen am langen Pfosten nicht gekl\u00e4rt und Lutten konnte aus k\u00fcrzester Distanz auf 3:4 verk\u00fcrzen. Die Spannung hielt bis zur letzten Minute an, in der Tim K zwar noch einmal frei vor dem Tor auftauchen, den Ball aber nicht in ebenjenem unterbringen konnte.<\/p>\n<p>Da jedoch unmittelbar nach dieser Aktion der Schlusspfiff ert\u00f6nte war der verdiente Einzug ins Endspiel perfekt. Wer dort als Gegner auf uns wartet wird sich am 14.06. entscheiden, wenn die Zweitvertretung von BW Lohne die JSG Rechterfeld\/Goldenstedt erwartet.<\/p>\n<p>Zun\u00e4chst gilt nun jedoch unser gesamter Fokus den ausstehenden Spielen in der Meisterschaftsrunde. Bereits am Samstag erwarten wir die JSG Saterland um 16:30 Uhr und damit unmittelbar nach dem Spiel unserer C-Jugend gegen den FC Hude (15:00 Uhr). Am darauffolgenden Dienstag erwarten wir dann um 18:30 Uhr den TUS Hasbergen ebenfalls auf dem heimischen Gel\u00e4uf zum Nachholspiel.<\/p>\n<p>Wer sich aufgrund der Sommerpause der I. Herren langweilt, dem m\u00f6chten wir gerne ans Herz legen dem Osterfeiner Jugendfu\u00dfball einen Besuch abzustatten. Beide Mannschaften sind im Aufstiegsrennen vertreten und freuen sich \u00fcber jede Unterst\u00fctzung. F\u00fcr die standesgem\u00e4\u00dfe Verpflegung wird aufgrund des ge\u00f6ffneten Imbiss\u2018 gesorgt sein.<\/p>\n<p>Mit freundlichen Gr\u00fc\u00dfen<\/p>\n<p>Coach P.<\/p>\n<p>\u00a0<\/p>\n<p>Aufstellung:\u00a0\u00a0\u00a0\u00a0\u00a0\u00a0\u00a0\u00a0\u00a0\u00a0\u00a0 \u00a0\u00a0\u00a0\u00a0\u00a0\u00a0\u00a0\u00a0 \u00a0 \u00a0 \u00a0 \u00a0 \u00a0\u00a0 \u00a0 \u00a0\u00a0 M. Sonnen<\/p>\n<p>\u00a0\u00a0 \u00a0 \u00a0 \u00a0 \u00a0 \u00a0 Brokamp\u00a0\u00a0\u00a0\u00a0\u00a0\u00a0\u00a0\u00a0\u00a0\u00a0\u00a0\u00a0\u00a0\u00a0\u00a0 N. Kramer\u00a0\u00a0\u00a0\u00a0\u00a0\u00a0\u00a0\u00a0\u00a0\u00a0\u00a0 M. Otte\u00a0\u00a0\u00a0\u00a0\u00a0\u00a0\u00a0\u00a0\u00a0\u00a0\u00a0\u00a0\u00a0\u00a0\u00a0\u00a0\u00a0\u00a0\u00a0\u00a0\u00a0\u00a0\u00a0\u00a0\u00a0\u00a0\u00a0\u00a0\u00a0\u00a0 T. Fischer<\/p>\n<p>\u00a0\u00a0\u00a0\u00a0\u00a0\u00a0\u00a0\u00a0\u00a0\u00a0\u00a0\u00a0\u00a0\u00a0\u00a0\u00a0\u00a0\u00a0\u00a0\u00a0\u00a0\u00a0\u00a0\u00a0\u00a0\u00a0\u00a0 \u00a0 \u00a0 \u00a0 \u00a0 \u00a0 \u00a0\u00a0\u00a0\u00a0\u00a0 Glandorf \u00a0 \u00a0 \u00a0 \u00a0 \u00a0 \u00a0 \u00a0 M.-J. St\u00e4rk<\/p>\n<p>\u00a0\u00a0\u00a0\u00a0\u00a0\u00a0\u00a0\u00a0 \u00a0 \u00a0 \u00a0 \u00a0 \u00a0\u00a0 \u00a0 Neteler \u00a0 \u00a0 \u00a0 \u00a0 \u00a0 \u00a0 \u00a0 \u00a0 \u00a0 \u00a0 B. Olberding\u00a0\u00a0\u00a0\u00a0\u00a0\u00a0\u00a0\u00a0\u00a0\u00a0\u00a0\u00a0\u00a0\u00a0\u00a0\u00a0\u00a0 H. Nordmann<\/p>\n<p>\u00a0\u00a0\u00a0\u00a0\u00a0\u00a0\u00a0\u00a0\u00a0\u00a0\u00a0\u00a0\u00a0\u00a0\u00a0\u00a0\u00a0\u00a0\u00a0\u00a0\u00a0\u00a0\u00a0\u00a0\u00a0\u00a0\u00a0\u00a0\u00a0\u00a0\u00a0\u00a0\u00a0\u00a0\u00a0\u00a0\u00a0\u00a0\u00a0\u00a0\u00a0\u00a0 \u00a0 \u00a0 \u00a0 \u00a0 \u00a0 \u00a0 \u00a0 \u00a0 \u00a0 Maue<\/p>\n<p>Bank: T. Kreinest, J. Kohake, L. Dalinghaus<\/p>\n<p>Tore: \u00a0\u00a0 1:0<\/p>\n<p>\u00a0\u00a0\u00a0\u00a0\u00a0\u00a0\u00a0\u00a0\u00a0\u00a0\u00a0 1:1 Maue (Olberding)<\/p>\n<p>\u00a0\u00a0\u00a0\u00a0\u00a0\u00a0\u00a0\u00a0\u00a0\u00a0\u00a0 1:2 Neteler<\/p>\n<p>\u00a0\u00a0\u00a0\u00a0\u00a0\u00a0\u00a0\u00a0\u00a0 \u00a0 1:3 Nordmann<\/p>\n<p>\u00a0\u00a0\u00a0\u00a0\u00a0\u00a0\u00a0\u00a0\u00a0 \u00a0 1:4 Kreinest (Nordmann)<\/p>\n<p>\u00a0\u00a0\u00a0\u00a0\u00a0\u00a0\u00a0\u00a0\u00a0 \u00a0\u00a0 2:4<\/p>\n<p>\u00a0\u00a0\u00a0\u00a0\u00a0\u00a0\u00a0\u00a0\u00a0\u00a0\u00a0\u00a0 3:4<\/p>\n","protected":false},"excerpt":{"rendered":"<p>Am vergangenen Dienstag mussten wir uns im Pokalhalbfinale unseren Kontrahenten aus Lutten stellen. Unter besten Fussballbedingungen und auf einem herausragenden Rasenplatz (ein gro\u00dfes Lob an dieser Stelle an den Lutter Platzwart) k\u00e4mpften wir um den Einzug ins Endspiel. Nach einem Pokalfight sah das Spiel allerdings zun\u00e4chst nicht aus\u2026 zumindest nicht von unserer Seite. Wir agierten [&hellip;]<\/p>\n","protected":false},"author":3,"featured_media":0,"comment_status":"closed","ping_status":"closed","sticky":false,"template":"","format":"standard","meta":{"footnotes":""},"categories":[3],"tags":[],"_links":{"self":[{"href":"https:\/\/sw-osterfeine.de\/index.php?rest_route=\/wp\/v2\/posts\/30232"}],"collection":[{"href":"https:\/\/sw-osterfeine.de\/index.php?rest_route=\/wp\/v2\/posts"}],"about":[{"href":"https:\/\/sw-osterfeine.de\/index.php?rest_route=\/wp\/v2\/types\/post"}],"author":[{"embeddable":true,"href":"https:\/\/sw-osterfeine.de\/index.php?rest_route=\/wp\/v2\/users\/3"}],"replies":[{"embeddable":true,"href":"https:\/\/sw-osterfeine.de\/index.php?rest_route=%2Fwp%2Fv2%2Fcomments&post=30232"}],"version-history":[{"count":3,"href":"https:\/\/sw-osterfeine.de\/index.php?rest_route=\/wp\/v2\/posts\/30232\/revisions"}],"predecessor-version":[{"id":30235,"href":"https:\/\/sw-osterfeine.de\/index.php?rest_route=\/wp\/v2\/posts\/30232\/revisions\/30235"}],"wp:attachment":[{"href":"https:\/\/sw-osterfeine.de\/index.php?rest_route=%2Fwp%2Fv2%2Fmedia&parent=30232"}],"wp:term":[{"taxonomy":"category","embeddable":true,"href":"https:\/\/sw-osterfeine.de\/index.php?rest_route=%2Fwp%2Fv2%2Fcategories&post=30232"},{"taxonomy":"post_tag","embeddable":true,"href":"https:\/\/sw-osterfeine.de\/index.php?rest_route=%2Fwp%2Fv2%2Ftags&post=30232"}],"curies":[{"name":"wp","href":"https:\/\/api.w.org\/{rel}","templated":true}]}}