{"id":30243,"date":"2022-06-13T09:25:31","date_gmt":"2022-06-13T07:25:31","guid":{"rendered":"https:\/\/sw-osterfeine.de\/?p=30243"},"modified":"2022-06-13T09:34:27","modified_gmt":"2022-06-13T07:34:27","slug":"1-b-jugend-fussball-7","status":"publish","type":"post","link":"https:\/\/sw-osterfeine.de\/?p=30243","title":{"rendered":"1.B-Jugend Fu\u00dfball"},"content":{"rendered":"\n<p><strong>SW Osterfeine \u2013 JSG Saterland 2:2<\/strong><\/p>\n<p>Im Endspurt der Saison trafen wir am vergangenen Samstag auf die JSG Saterland. Erwartet wurde ein defensiv stark aufgestellter Gegner, der nach vorne immer wieder Nadelstiche setzen m\u00f6chte.<\/p>\n<p>Diese Erwartung wurde in H\u00e4lfte eins in vollem Umfang erf\u00fcllt. Die G\u00e4ste waren einfach wacher als wir und dadurch in fast jedem Zweikampf einen Schritt eher am Ball. Wir bekamen nahezu permanent Druck und konnten unser Passspiel nicht durchbringen. Wenn wir dann einmal Platz und Zeit hatten trafen wir zu h\u00e4ufig die falschen Entscheidungen.<\/p>\n<p>Es entwickelte sich eine umk\u00e4mpfte Partie ohne gro\u00dfe Torchancen auf beiden Seiten. Dem Gegner merkte man jedoch seinen st\u00e4rkeren Willen an und bereits in der 11. Minute wurde dieser Wille belohnt. Nachdem wir im Mittelfeldzentrum keinen Druck auf unsere Gegenspieler bekamen gelangte ein hoher Ball \u00fcber den Kopf von Noah hinweg zum Saterl\u00e4nder St\u00fcrmer, der frei auf das Tor zulief und zun\u00e4chst noch an Moritz Sonnen scheiterte, ehe der Ball dann doch seinen Weg ins Netz fand.<!--more--><\/p>\n<p>Wie bereits im letzten Pokalspiel liefen wir also wieder einem R\u00fcckstand hinterher. Die Reaktion darauf lie\u00dfen wir in dieser ersten Halbzeit allerdings vermissen. Stattdessen lie\u00dfen wir uns keine zehn Minuten nach dem ersten Gegentor mit einem Freisto\u00df aus dem Halbfeld \u00fcberspielen, ohne eine klare Zuordnung gefunden zu haben. Der gegnerische Innenverteidiger konnte unbedr\u00e4ngt einlaufen und den Ball mit seinem Kopfball auf H\u00f6he des Elfmeterpunktes in die Maschen verl\u00e4ngern (20. Minute).<\/p>\n<p>Auch in der Folge gelang es uns nicht das Spiel an uns zu rei\u00dfen und unsererseits Druck aufzubauen. Unsere wenigen Chancen verpufften meist bereits auf H\u00f6he des 16-Meter-Raumes oder wir schafften es in den Strafraum ohne einen Abnehmer zu finden. Es war zwar nicht alles schlecht an diesem Spiel, f\u00fcr unsere Ambitionen zeigten wir jedoch deutlich zu wenig.<\/p>\n<p>F\u00fcr die zweite Halbzeit nahmen wir uns vor ein anderes Gesicht zu zeigen und zu beweisen, dass wir zurecht um den Aufstieg in die Bezirksliga mitspielen. Das Auftreten war nun ein v\u00f6llig anderes. Wir packten defensiv konsequenter zu und schlossen die R\u00e4ume, um dann in gewohnter Manier \u00fcber unsere Fl\u00fcgelspieler die Angriffe zu fahren. Harry und Tom machten richtig Dampf, J\u00f6ppi, Mattes und Benny eroberten das Mittelfeldzentrum zur\u00fcck und unsere Viererkette gewann zunehmend die Sicherheit zur\u00fcck.<\/p>\n<p>In der 51. Minute belohnten wir uns f\u00fcr unseren erh\u00f6hten Einsatz. Tom wurde rechts auf die Reise geschickt, setzte sich im Laufduell durch und zog in den Strafraum, um dort den Ball im richtigen Moment quer zu legen und so Tim K den unbedr\u00e4ngten Anschlusstreffer zu erm\u00f6glichen. Wir waren wieder im Spiel.<\/p>\n<p>Nur zwei Minuten sp\u00e4ter gelang Benny ein Geniestreich, als er eine Ecke von der rechten Seite direkt im langen Toreck unterbrachte. Ausgleich \u2013 2:2. Dieser Doppelschlag war der Startschuss f\u00fcr eine Serie an Angriffen, die leider in letzter Konsequenz nicht den gew\u00fcnschten Erfolg brachten. Auf der Gegenseite gelang es uns die meisten (wenn auch nicht alle) Offensivbem\u00fchungen unserer Kontrahenten bereits im Aufbau zu unterbinden.<\/p>\n<p>Kurz vor dem Ende tauchte Benny dann noch einmal frei in zentraler Position vor dem gegnerischen Torh\u00fcter auf. Das kr\u00e4ftezehrende Spiel forderte jedoch seinen Tribut und ein Krampf zum denkbar ung\u00fcnstigsten Zeitpunkt machte einen gezielten Abschluss unm\u00f6glich. So blieb es letzten Endes bei der Punkteteilung.<\/p>\n<p>Bereits am kommenden Dienstag wollen wir es wieder besser machen, wenn wir um 18:30 Uhr unsere G\u00e4ste aus Hasbergen erwarten. Die gro\u00dfartige Unterst\u00fctzung, die wir von den Zuschauerr\u00e4ngen erfahren durften werden wir auch in diesem Spiel gebrauchen.<\/p>\n<p>Mit freundlichen Gr\u00fc\u00dfen<\/p>\n<p>Coach P.<\/p>\n<p>\u00a0<\/p>\n<p>Aufstellung:\u00a0\u00a0\u00a0\u00a0\u00a0\u00a0\u00a0\u00a0\u00a0\u00a0\u00a0 \u00a0 \u00a0 \u00a0 \u00a0 \u00a0 \u00a0 \u00a0 \u00a0 \u00a0 \u00a0\u00a0 \u00a0\u00a0\u00a0\u00a0\u00a0\u00a0\u00a0 M. Sonnen<\/p>\n<p>\u00a0\u00a0 \u00a0 \u00a0 \u00a0 \u00a0\u00a0\u00a0\u00a0\u00a0\u00a0\u00a0 J. Brokamp \u00a0 \u00a0 \u00a0 \u00a0 \u00a0\u00a0 N. Kramer \u00a0 \u00a0 \u00a0 \u00a0 \u00a0 \u00a0 \u00a0 \u00a0 \u00a0 M. Otte\u00a0\u00a0\u00a0\u00a0\u00a0\u00a0\u00a0\u00a0\u00a0\u00a0\u00a0\u00a0\u00a0\u00a0\u00a0\u00a0\u00a0\u00a0\u00a0\u00a0\u00a0\u00a0\u00a0\u00a0\u00a0\u00a0\u00a0\u00a0\u00a0\u00a0 T. Fischer<\/p>\n<p>\u00a0\u00a0\u00a0\u00a0\u00a0\u00a0\u00a0\u00a0\u00a0\u00a0\u00a0\u00a0\u00a0\u00a0\u00a0\u00a0\u00a0\u00a0\u00a0\u00a0\u00a0\u00a0\u00a0\u00a0\u00a0\u00a0\u00a0\u00a0\u00a0\u00a0\u00a0\u00a0\u00a0\u00a0\u00a0\u00a0\u00a0\u00a0\u00a0\u00a0 M.Glandorf \u00a0 \u00a0 \u00a0 \u00a0 \u00a0 \u00a0 \u00a0 \u00a0 \u00a0 \u00a0\u00a0 M.-J. St\u00e4rk<\/p>\n<p>\u00a0\u00a0\u00a0\u00a0\u00a0\u00a0\u00a0\u00a0\u00a0\u00a0\u00a0\u00a0\u00a0\u00a0\u00a0\u00a0\u00a0\u00a0\u00a0\u00a0\u00a0\u00a0\u00a0\u00a0\u00a0\u00a0 T.Neteler\u00a0\u00a0\u00a0\u00a0\u00a0\u00a0 \u00a0 \u00a0 \u00a0 \u00a0\u00a0\u00a0\u00a0\u00a0 B. Olberding \u00a0 \u00a0 \u00a0 \u00a0 \u00a0 \u00a0 \u00a0 \u00a0 \u00a0\u00a0 H. Nordmann<\/p>\n<p>\u00a0\u00a0\u00a0\u00a0\u00a0\u00a0\u00a0\u00a0\u00a0\u00a0\u00a0\u00a0\u00a0\u00a0\u00a0\u00a0\u00a0\u00a0\u00a0\u00a0\u00a0\u00a0\u00a0\u00a0\u00a0\u00a0\u00a0\u00a0\u00a0\u00a0\u00a0\u00a0\u00a0\u00a0\u00a0\u00a0\u00a0\u00a0\u00a0\u00a0\u00a0\u00a0\u00a0\u00a0\u00a0\u00a0\u00a0\u00a0\u00a0\u00a0\u00a0\u00a0\u00a0\u00a0\u00a0\u00a0\u00a0\u00a0\u00a0 T.Kreinest<\/p>\n<p>\u00a0<\/p>\n<p>Bank: J. Kohake, L. Dalinghaus, M. Maue<\/p>\n<p>\u00a0<\/p>\n<p>Tore: \u00a0\u00a0\u00a0 0:1<\/p>\n<p>\u00a0\u00a0\u00a0\u00a0\u00a0\u00a0\u00a0\u00a0\u00a0 \u00a0\u00a0 0:2<\/p>\n<p>\u00a0\u00a0\u00a0\u00a0\u00a0\u00a0\u00a0\u00a0\u00a0 \u00a0\u00a0 1:2 Kreinest (Neteler)<\/p>\n<p>\u00a0\u00a0\u00a0\u00a0\u00a0\u00a0\u00a0\u00a0\u00a0 \u00a0\u00a0 2:2 Olberding<\/p>\n","protected":false},"excerpt":{"rendered":"<p>SW Osterfeine \u2013 JSG Saterland 2:2 Im Endspurt der Saison trafen wir am vergangenen Samstag auf die JSG Saterland. Erwartet wurde ein defensiv stark aufgestellter Gegner, der nach vorne immer wieder Nadelstiche setzen m\u00f6chte. Diese Erwartung wurde in H\u00e4lfte eins in vollem Umfang erf\u00fcllt. Die G\u00e4ste waren einfach wacher als wir und dadurch in fast [&hellip;]<\/p>\n","protected":false},"author":3,"featured_media":0,"comment_status":"closed","ping_status":"closed","sticky":false,"template":"","format":"standard","meta":{"footnotes":""},"categories":[3],"tags":[],"_links":{"self":[{"href":"https:\/\/sw-osterfeine.de\/index.php?rest_route=\/wp\/v2\/posts\/30243"}],"collection":[{"href":"https:\/\/sw-osterfeine.de\/index.php?rest_route=\/wp\/v2\/posts"}],"about":[{"href":"https:\/\/sw-osterfeine.de\/index.php?rest_route=\/wp\/v2\/types\/post"}],"author":[{"embeddable":true,"href":"https:\/\/sw-osterfeine.de\/index.php?rest_route=\/wp\/v2\/users\/3"}],"replies":[{"embeddable":true,"href":"https:\/\/sw-osterfeine.de\/index.php?rest_route=%2Fwp%2Fv2%2Fcomments&post=30243"}],"version-history":[{"count":2,"href":"https:\/\/sw-osterfeine.de\/index.php?rest_route=\/wp\/v2\/posts\/30243\/revisions"}],"predecessor-version":[{"id":30245,"href":"https:\/\/sw-osterfeine.de\/index.php?rest_route=\/wp\/v2\/posts\/30243\/revisions\/30245"}],"wp:attachment":[{"href":"https:\/\/sw-osterfeine.de\/index.php?rest_route=%2Fwp%2Fv2%2Fmedia&parent=30243"}],"wp:term":[{"taxonomy":"category","embeddable":true,"href":"https:\/\/sw-osterfeine.de\/index.php?rest_route=%2Fwp%2Fv2%2Fcategories&post=30243"},{"taxonomy":"post_tag","embeddable":true,"href":"https:\/\/sw-osterfeine.de\/index.php?rest_route=%2Fwp%2Fv2%2Ftags&post=30243"}],"curies":[{"name":"wp","href":"https:\/\/api.w.org\/{rel}","templated":true}]}}