{"id":30407,"date":"2022-07-05T15:57:47","date_gmt":"2022-07-05T13:57:47","guid":{"rendered":"https:\/\/sw-osterfeine.de\/?p=30407"},"modified":"2022-07-05T15:57:47","modified_gmt":"2022-07-05T13:57:47","slug":"1-b-jugend-verpasst-das-double","status":"publish","type":"post","link":"https:\/\/sw-osterfeine.de\/?p=30407","title":{"rendered":"1.B-Jugend verpasst das Double"},"content":{"rendered":"\n<p><strong>BW Lohne II \u2013 SW Osterfeine 2:1<\/strong><\/p>\n<p>Im diesj\u00e4hrigen Kreispokalfinale der B-Junioren trafen wir auf die Zweitvertretung unserer Konkurrenten von BW Lohne. Die Startbedingungen f\u00fcr dieses Endspiel waren aus unserer Sicht leider nicht optimal. Ein gro\u00dfer Teil unserer Spieler lie\u00df aufgrund fehlender Lohner Bereitschaft das Spiel zu verlegen ihren Schulabschlussball ausfallen. Einerseits zeigt es die Opferbereitschaft der Jungs f\u00fcr den Fu\u00dfball, andererseits ist es nat\u00fcrlich au\u00dferordentlich Schade, dass ihnen dieses einmalige Erlebnis genommen wurde. Zus\u00e4tzlich mussten wir auf dem ungeliebten Kunstrasen antreten, da Lohne sich darauf berief, dass zwar auf Naturrasen gespielt werden soll, aber eben nicht muss und neben Platz 1 auch kurzerhand der Trainingsplatz gesperrt wurde, auf dem tags zuvor noch unsere C-Jugend eine bittere 1:0 Niederlage hinnehmen musste.<\/p>\n<p>Trotz aller Widrigkeiten gingen wir als Kreismeister und Bezirksligaaufsteiger nat\u00fcrlich als Favorit in diese Partie. Dieser Rolle wollten wir auch gerecht werden und unsere Klasse von Beginn an auf den Platz bringen. In den ersten Minuten der Begegnung mussten wir uns jedoch erstmal an die ungewohnten Platzbedingungen gew\u00f6hnen. Wir fanden nicht so richtig ins Spiel und bekamen in der 8. Spielminuten die Quittung. Nach einem langen Ball von der rechten Angriffsseite fehlte uns die Tiefenabsicherung, der pfeilschnelle Lohner St\u00fcrmer startete durch und nagelte den Ball vom Innenpfosten ins Tor.<!--more--><\/p>\n<p>Fortan liefen wir also einem R\u00fcckstand hinterher. Je l\u00e4nger das Spiel dauerte, desto besser wurden wir, auch wenn wir immer wieder die Lohner Konterangriffe abwehren mussten. J\u00f6ppi und Mattes eroberten das Mittelfeld und Tom auf der rechten, sowie Harry auf der linken Seite besch\u00e4ftigten die Lohner Defensive. Letzterer hatte dann auch die Riesenchance auf den Ausgleich, konnte den Ball nach einem Querpass von Max aber leider nicht im Tor unterbringen.<\/p>\n<p>Besser machte es Tom kurz vor der Pause. Zun\u00e4chst eroberte Mattes den Ball im Mittelfeldzentrum und bediente unseren Fl\u00fcgelspieler ma\u00dfgenau, ehe Tom von au\u00dfen in den Strafraum zog und den Ball aus spitzem Winkel im gegnerischen Geh\u00e4use unterbrachte (37. Minute). Wir waren offiziell wieder im Spiel.<\/p>\n<p>Daran wollten wir nat\u00fcrlich in der zweiten H\u00e4lfte ankn\u00fcpfen und unsere Saison mit dem Pokalsieg kr\u00f6nen. Es sollte aber leider anders kommen. Nach einer starken Anfangsphase der zweiten 40 Minuten brachte ein direkter Freisto\u00df die Gastgeber wieder in Front (51. Minute). Zu allem \u00dcberfluss fiel mit Max auch unser zweiter Spielgestalter aus, nachdem bereits in H\u00e4lfte eins Benny verletzt die Segel streichen musste und Max aus der Sturmspitze auf die Zehnerposition wechselte.<\/p>\n<p>Trotz dieser R\u00fcckschl\u00e4ge steckten die Jungs zu keinem Zeitpunkt auf, sondern warfen alles in die Waagschale, was noch in ihren Beinen steckte. Wir arbeiteten uns Angriff f\u00fcr Angriff nach vorne und setzten unsere Kontrahenten dauerhaft unter Druck. Diese verteidigten jedoch ebenso aufopferungsvoll und setzten ihrerseits Nadelstiche. Ein Tor wollte auf beiden Seiten des Platzes nicht so recht fallen. Kurz vor dem Ende blitzte noch einmal kurz Hoffnung auf, als Tim K einen Freisto\u00df an das Lattenkreuz verl\u00e4ngerte, doch f\u00fcr den ganz gro\u00dfen Wurf fehlten im letzten Spiel einer langen Saison dann leider doch das n\u00f6tige Gl\u00fcck und die K\u00f6rner.<\/p>\n<p>Im Endeffekt verloren wir so ein Pokalfinale, in dem wir zwar das bessere Spiel machten, unser Gegner aber leider einfach effektiver war. Dementsprechend gro\u00df war nat\u00fcrlich die Entt\u00e4uschung, als nach dem Spiel die Troph\u00e4en verteilt wurden. N\u00fcchtern betrachtet ist ein zweiter Platz im Kreispokal f\u00fcr unseren Verein zwar eine gro\u00dfartige Leistung, aber wir hatten uns eben mehr erhofft.<\/p>\n<p>Kurzfristig trugen auch die Troph\u00e4en f\u00fcr die Kreismeisterschaft und den Staffelsieg in der Meisterrunde nicht unbedingt zur Stimmung bei. Nach ein paar Minuten \u201esacken lassen\u201c und unter der sagenhaften Kulisse der zahlreich mitgereisten Osterfeiner Fans, die uns \u00fcber die gesamte Spielzeit sagenhaft unterst\u00fctzt hatten, \u00fcberwiegte dann aber doch irgendwann die Freude \u00fcber das erreichte und wir lie\u00dfen den Lohner Kunstrasen mal sp\u00fcren, wie sich eine echte Meisterfeier anf\u00fchlt. Da musste sich der eine oder andere schon fragen, wer hier gerade den Kreispokal gewonnen hatte.<\/p>\n<p>Nachdem auch der letzte Spieler und Trainer kein trockenes Kleidungsst\u00fcck mehr an sich trug und bei diversen Jagdszenen mit unterschiedlichen Kaltgetr\u00e4nken auch die allerletzten Kr\u00e4fte aufgebraucht waren machten wir uns nach einer verdienten Dusche auf den Weg in die Heimat, wo wir den Abend mit einer gemeinsamen Feier bis sp\u00e4t in die Nacht ausklingen lie\u00dfen.<\/p>\n<p>Vielen, vielen Dank an alle Unterst\u00fctzer, sowohl in Lohne, als auch bei allen vorherigen Spielen! Ihr habt uns immer wieder angefeuert, in schwierigen Momenten geholfen und unsere Erfolge bejubelt. F\u00fcr euch werden wir auch in der n\u00e4chsten Saison wieder alles geben!<\/p>\n<p>Mit freundlichen Gr\u00fc\u00dfen<\/p>\n<p>Coach P.<\/p>\n<p>\u00a0<\/p>\n<p>Aufstellung:\u00a0\u00a0\u00a0\u00a0\u00a0\u00a0\u00a0\u00a0\u00a0\u00a0\u00a0 \u200b\u00a0\u00a0\u00a0\u00a0\u00a0\u00a0 M. Sonnen<\/p>\n<p>\u00a0\u00a0\u00a0 J.Brokamp\u00a0\u00a0\u00a0\u00a0\u00a0\u00a0 \u200bN. Kramer \u00a0 \u00a0 \u00a0 \u200bM. Otte\u00a0\u00a0\u00a0\u00a0\u00a0\u00a0 \u200b\u200bT. Fischer<\/p>\n<p>\u00a0\u00a0\u00a0\u00a0\u00a0\u00a0\u00a0\u00a0\u00a0\u00a0\u00a0\u00a0\u00a0\u00a0 M. Glandorf\u00a0\u00a0\u00a0\u00a0\u00a0\u00a0\u00a0\u00a0\u00a0\u00a0\u00a0\u00a0\u00a0\u00a0\u00a0\u00a0\u00a0\u00a0\u00a0\u00a0 \u200bM.-J. St\u00e4rk<\/p>\n<p>\u00a0\u00a0\u00a0\u00a0\u00a0\u00a0\u00a0\u00a0\u00a0\u00a0\u00a0\u00a0\u00a0\u00a0 T. Neteler\u00a0\u00a0\u00a0\u00a0 \u200b\u200bB. Olberding\u200b\u200b\u00a0\u00a0\u00a0\u00a0\u00a0\u00a0 H. Nordmann<\/p>\n<p>\u00a0\u00a0\u00a0\u00a0\u00a0\u00a0\u00a0\u00a0\u00a0\u00a0\u00a0\u00a0\u00a0\u00a0\u00a0\u00a0\u00a0\u00a0\u00a0\u00a0\u00a0\u00a0\u00a0\u00a0\u00a0\u00a0\u00a0\u00a0\u00a0\u00a0\u00a0\u00a0\u00a0\u00a0\u00a0\u00a0 M. Maue<\/p>\n<p>\u00a0<\/p>\n<p>Bank: J. Kohake, L. Dalinghaus, T. Kreinest<\/p>\n<p>\u00a0<\/p>\n<p>Tore: \u200b1:0<\/p>\n<p>\u00a0\u00a0\u00a0\u00a0\u00a0\u00a0\u00a0\u00a0 \u200b1:1 Neteler (Glandorf)<\/p>\n<p>\u00a0\u00a0\u00a0\u00a0\u00a0\u00a0\u00a0\u00a0 \u200b2:1<\/p>\n\n\t\t<style type=\"text\/css\">\n\t\t\t#gallery-1 {\n\t\t\t\tmargin: auto;\n\t\t\t}\n\t\t\t#gallery-1 .gallery-item {\n\t\t\t\tfloat: left;\n\t\t\t\tmargin-top: 10px;\n\t\t\t\ttext-align: center;\n\t\t\t\twidth: 33%;\n\t\t\t}\n\t\t\t#gallery-1 img {\n\t\t\t\tborder: 2px solid #cfcfcf;\n\t\t\t}\n\t\t\t#gallery-1 .gallery-caption {\n\t\t\t\tmargin-left: 0;\n\t\t\t}\n\t\t\t\/* see gallery_shortcode() in wp-includes\/media.php *\/\n\t\t<\/style>\n\t\t<div id='gallery-1' class='gallery galleryid-30407 gallery-columns-3 gallery-size-thumbnail'><dl class='gallery-item'>\n\t\t\t<dt class='gallery-icon landscape'>\n\t\t\t\t<a href='https:\/\/sw-osterfeine.de\/wp-content\/uploads\/2022\/07\/B-1.jpg' title=\"\" data-rl_title=\"\" class=\"rl-gallery-link\" data-rl_caption=\"\" data-rel=\"lightbox-gallery-1\"><img loading=\"lazy\" decoding=\"async\" width=\"150\" height=\"150\" src=\"https:\/\/sw-osterfeine.de\/wp-content\/uploads\/2022\/07\/B-1-150x150.jpg\" class=\"attachment-thumbnail size-thumbnail\" alt=\"\" \/><\/a>\n\t\t\t<\/dt><\/dl><dl class='gallery-item'>\n\t\t\t<dt class='gallery-icon landscape'>\n\t\t\t\t<a href='https:\/\/sw-osterfeine.de\/wp-content\/uploads\/2022\/07\/B2.jpg' title=\"\" data-rl_title=\"\" class=\"rl-gallery-link\" data-rl_caption=\"\" data-rel=\"lightbox-gallery-1\"><img loading=\"lazy\" decoding=\"async\" width=\"150\" height=\"150\" src=\"https:\/\/sw-osterfeine.de\/wp-content\/uploads\/2022\/07\/B2-150x150.jpg\" class=\"attachment-thumbnail size-thumbnail\" alt=\"\" \/><\/a>\n\t\t\t<\/dt><\/dl><dl class='gallery-item'>\n\t\t\t<dt class='gallery-icon landscape'>\n\t\t\t\t<a href='https:\/\/sw-osterfeine.de\/wp-content\/uploads\/2022\/07\/B3.jpg' title=\"\" data-rl_title=\"\" class=\"rl-gallery-link\" data-rl_caption=\"\" data-rel=\"lightbox-gallery-1\"><img loading=\"lazy\" decoding=\"async\" width=\"150\" height=\"150\" src=\"https:\/\/sw-osterfeine.de\/wp-content\/uploads\/2022\/07\/B3-150x150.jpg\" class=\"attachment-thumbnail size-thumbnail\" alt=\"\" \/><\/a>\n\t\t\t<\/dt><\/dl><br style=\"clear: both\" \/><dl class='gallery-item'>\n\t\t\t<dt class='gallery-icon portrait'>\n\t\t\t\t<a href='https:\/\/sw-osterfeine.de\/wp-content\/uploads\/2022\/07\/B4.jpg' title=\"\" data-rl_title=\"\" class=\"rl-gallery-link\" data-rl_caption=\"\" data-rel=\"lightbox-gallery-1\"><img loading=\"lazy\" decoding=\"async\" width=\"150\" height=\"150\" src=\"https:\/\/sw-osterfeine.de\/wp-content\/uploads\/2022\/07\/B4-150x150.jpg\" class=\"attachment-thumbnail size-thumbnail\" alt=\"\" \/><\/a>\n\t\t\t<\/dt><\/dl>\n\t\t\t<br style='clear: both' \/>\n\t\t<\/div>\n\n","protected":false},"excerpt":{"rendered":"<p>BW Lohne II \u2013 SW Osterfeine 2:1 Im diesj\u00e4hrigen Kreispokalfinale der B-Junioren trafen wir auf die Zweitvertretung unserer Konkurrenten von BW Lohne. Die Startbedingungen f\u00fcr dieses Endspiel waren aus unserer Sicht leider nicht optimal. Ein gro\u00dfer Teil unserer Spieler lie\u00df aufgrund fehlender Lohner Bereitschaft das Spiel zu verlegen ihren Schulabschlussball ausfallen. Einerseits zeigt es die [&hellip;]<\/p>\n","protected":false},"author":3,"featured_media":0,"comment_status":"closed","ping_status":"closed","sticky":false,"template":"","format":"standard","meta":{"footnotes":""},"categories":[3],"tags":[],"_links":{"self":[{"href":"https:\/\/sw-osterfeine.de\/index.php?rest_route=\/wp\/v2\/posts\/30407"}],"collection":[{"href":"https:\/\/sw-osterfeine.de\/index.php?rest_route=\/wp\/v2\/posts"}],"about":[{"href":"https:\/\/sw-osterfeine.de\/index.php?rest_route=\/wp\/v2\/types\/post"}],"author":[{"embeddable":true,"href":"https:\/\/sw-osterfeine.de\/index.php?rest_route=\/wp\/v2\/users\/3"}],"replies":[{"embeddable":true,"href":"https:\/\/sw-osterfeine.de\/index.php?rest_route=%2Fwp%2Fv2%2Fcomments&post=30407"}],"version-history":[{"count":2,"href":"https:\/\/sw-osterfeine.de\/index.php?rest_route=\/wp\/v2\/posts\/30407\/revisions"}],"predecessor-version":[{"id":35124,"href":"https:\/\/sw-osterfeine.de\/index.php?rest_route=\/wp\/v2\/posts\/30407\/revisions\/35124"}],"wp:attachment":[{"href":"https:\/\/sw-osterfeine.de\/index.php?rest_route=%2Fwp%2Fv2%2Fmedia&parent=30407"}],"wp:term":[{"taxonomy":"category","embeddable":true,"href":"https:\/\/sw-osterfeine.de\/index.php?rest_route=%2Fwp%2Fv2%2Fcategories&post=30407"},{"taxonomy":"post_tag","embeddable":true,"href":"https:\/\/sw-osterfeine.de\/index.php?rest_route=%2Fwp%2Fv2%2Ftags&post=30407"}],"curies":[{"name":"wp","href":"https:\/\/api.w.org\/{rel}","templated":true}]}}