{"id":30413,"date":"2022-07-05T16:20:59","date_gmt":"2022-07-05T14:20:59","guid":{"rendered":"https:\/\/sw-osterfeine.de\/?p=30413"},"modified":"2022-07-05T16:25:34","modified_gmt":"2022-07-05T14:25:34","slug":"bericht-ueber-den-om-cup-vom-2-3-juli-in-neuenkirchen","status":"publish","type":"post","link":"https:\/\/sw-osterfeine.de\/?p=30413","title":{"rendered":"Bericht \u00fcber den OM Cup vom 2. + 3. Juli in Neuenkirchen"},"content":{"rendered":"\n<p>Liebe Freunde von SW Osterfeine,<br \/>am vergangenen Wochenende stand nach 2 endlosen Corona Jahren endlich wieder der OM Cup als traditioneller Saisonabschluss auf dem Programm der E-Jugend. Wir hatten vor der Saison im August 2021, obwohl wir Spielertechnisch eigentlich zu knapp besetzt waren, insgesamt 4 E Jugendteams (Jahrg\u00e4nge 2011 + 2012) f\u00fcr den Spielbetrieb gemeldet, um m\u00f6glichst vielen Kindern ad\u00e4quate Einsatz- bzw. Spielzeiten zu erm\u00f6glichen. Dies klappte -durch die Bank- in der gesamten Saison, aufgrund einer reibungslosen und vollkommen unkomplizierten Zusammenarbeit der 4 Trainer- u. Betreuerteams auch hervorragend. Dadurch hatten wir aber auch aufgrund einer insgesamt r\u00fcckl\u00e4ufigen Entwicklung bei<br \/>den Mannschaftszahlen innerhalb der Kreise CLP und VEC das gro\u00dfe Gl\u00fcck erstmalig mit 4 Teams beim OM Cup antreten zu k\u00f6nnen. Leider standen uns jedoch krankheitsbedingt einige Spieler dort nicht zur Verf\u00fcgung\u2026, aber, kein Problem wir sind ja SW Osterfeine:<!--more--><\/p>\n<p>\u2026wie selbstverst\u00e4ndlich unterst\u00fctzten uns sofort kurzfristig unsere talentierten Nachwuchskicker aus der F Jugend, so dass wir am Samstag in vollen Mannschaftsst\u00e4rken -insgesamt 40 (!!!) Spieler- sowie 13 Trainern\/Betreuern in Neuenkirchen auflaufen konnten. Zuvor hatten wir bereits am Freitagnachmittag unsere Zelte in Neuenkirchen aufgeschlagen. Hierf\u00fcr ein Dank f\u00fcr die tatkr\u00e4ftige Mithilfe und Unterst\u00fctzung an die Feuerwehr Osterfeine, die uns wieder mit kostenfreiem Equipment (Zelte, Tische +<br \/>B\u00e4nke, H\u00e4nger etc.) ausgestattet hatte. Insgesamt 6 Zelte wurden errichtet und so inkl. Fahnen, Bannern und Sonnenschutznetzen ein super gem\u00fctliches Lager errichtet, f\u00fcr das wir vom Veranstalter auch prompt ein Sonderlob erhalten haben. F\u00fcr Freitagabend hatten wir extra einen Wachdienst (in der Person von \u201aBauer\u2018 Kuhlmann) organisiert, der sich direkt gegen eine zahlenm\u00e4\u00dfig in \u00dcberzahl befindliche \u201arotwei\u00dfe\u2018 Vereinigung verteidigen musste, jedoch s\u00e4mtliche Abwerbeversuche von unseren Talenten -wortgewaltig- im Keim ersticken konnte. Das gesamte Wochenende \u201alitt etwas\u2018 unter den hei\u00dfen Wetterbedingungen, auf die wir uns aber so gut als m\u00f6glich vorbereitet hatten. So waren wir mit Hektolitern von Trinkwasser und Kisten voller Obst (aber auch mit ein paar T\u00fcten ungesunden Chips\u2026) nach Neuenkirchen gefahren, um den Spielern bestm\u00f6gliche Bedingungen zu bieten. Prima Voraussetzungen also f\u00fcr das Turnier, auf das wir alle so hin gefiebert hatten.<\/p>\n<p>Zu Beginn des Turniers gab es den obligatorischen Einmarsch aller 112 Mannschaften inkl. Betreuer auf dem Platz vor der Haupttrib\u00fcne im Stadion. So bot sich ein herrliches Bild f\u00fcr die zahlreichen Zuschauer.<br \/>Unsere Teams waren -entsprechend Ihrer Leistungsst\u00e4rke- in den Leistungsklassen I \u2013 III eingeteilt. Gespielt wurde pro Leistungsklasse jeweils in vier Achtergruppen, aus der sich nur der jeweilige Gruppensieger f\u00fcr das Halbfinale qualifizieren konnte. Dies bedeutete also, dass man von Anfang an sprichw\u00f6rtlich am Ball zu sein hatte, um nicht fr\u00fchzeitig das Turnier abschenken zu m\u00fcssen. Und genauso agierten dann auch alle 4 Teams.<br \/>Beginnen durfte die E3, die von unseren talentierten F-Jugendkickern unterst\u00fctzt wurde. Unsere Nachbarn von Rot-Wei\u00df wurden sodann standesgem\u00e4\u00df mit 4:0 besiegt, somit war die Stadtmeisterschaft schon mal entschieden. Das war nat\u00fcrlich goldig f\u00fcr die Moral und die Stimmung. Unser j\u00fcngerer Jahrgang, die E4, zahlte etwas Lehrgeld, verkaufte sich aber ebenfalls hervorragend gegen gr\u00f6\u00dfen- und gewichtsm\u00e4\u00dfig \u00fcberlegene Gegner. E1 und E2 waren gewohnt spielstark und beide Mannschaften, wie auch die E3, waren nach 3 Spielen voll im Soll, mit anderen Worten, sie hatten die m\u00f6glichen Halbfinaleinz\u00fcge vor Augen \u2026 hierzu unten mehr \u2026<br \/>So stand also f\u00fcr alle ein lockerer Tagesausklang bevor, bei dem sich im Laufe des Abends auch die Temperaturen zu idealem Zeltplatzwetter entwickelten. Die Jungs kickten weiter oder tanzten auf dem Lkw von Arno Schmutte (hierf\u00fcr ebenfalls noch DANKE) zu Jonny Depp oder zu Layla\u2026, die Betreuer g\u00f6nnten sich derweil ein bis zwei verdiente Feierabendkaltgetr\u00e4nke. Dabei konnten wir dem Start eines Hei\u00dfluftballons beiwohnen, der leider mangels Thermik einfach nicht vom Fleck kam und nach ca. 1,5 Stunden nach nur rd. 200 Metern Fahrt wieder landen musste.<br \/>Irgendwann als es schon dunkel war, kamen auch die letzten in den Schlaf, der allerdings gegen ca. 04.30 Uhr f\u00fcr die ersten auch schon wieder beendet war\u2026<br \/>Nach anst\u00e4ndigem und ausgiebigem Fr\u00fchst\u00fcck machten wir uns um ca. 08.10 Uhr wieder auf zu den sonnt\u00e4glichen Spielen. Die Sonne brannte aber auch unsere Jungs \u201abrannten\u2018 und machten ein super Spiel nach dem n\u00e4chsten.<br \/>Die E1 (Platz 3), die E3 (Platz 2) und die E4 (Platz 8) verpassten leider die Halbfinals am Ende z. T. nur knapp, was aber der Stimmung \u00fcberhaupt keinen Abbruch tat, denn wir hatten ja noch ein weiteres Eisen, und zwar unsere E2, im Feuer.<br \/>Selbsternannte Fu\u00dfballinsider wussten bzw. ahnten ja bereits im Vorfeld, zu welchen Leistungen diese Truppe f\u00e4hig sein k\u00f6nnte. Auch verletzungsbedingte Ausf\u00e4lle wurden von der Truppe ohne Murren kompensiert. In den letzten 4 Spielen standen n\u00e4mlich keine Auswechselspieler mehr zur Verf\u00fcgung.<br \/>Daf\u00fcr aber stand der \u201a12 Mann\u2018 am Platz, und zwar in \u201aPerson\u2018 aller teilnehmenden OSV Mannschaften, Omas und Opas, M\u00fctter und V\u00e4ter, Tanten und Onkel und unz\u00e4hliger sonstiger OSV Fans u. Supporter.<br \/>Zitat aus der OV v. 04-07-2022: <strong>\u201ariesiges, euphorisches SWO Fanlager\u2018<\/strong><br \/>Souver\u00e4n war zuvor die E2 ins Halbfinale der Leistungsklasse II marschiert. Dort traf man auf einen sehr starken Gegner aus Th\u00fcle\/Markhausen. Mit lautstarker Unterst\u00fctzung gelang es aber die wieselflinken Gegner mit 2:0 in die Schranken zu weisen. Dieses Spiel hatte von beiden Teams bereits Finalniveau.<br \/>Nach kurzer Verschnaufpause kam es dann auf dem Hauptplatz zum Showdown, dem Finale gegen BS V\u00f6rden I. Unz\u00e4hlige Zuschauer dr\u00e4ngten sich am und um den Platz. Unsere Jungs starteten wie im Rausch und \u201afuhren\u2018 eine Angriffswelle nach der anderen. Den Jungs von BS V\u00f6rden blieb dabei kaum Zeit zum Luft holen. Bereits nach wenigen Minuten zappelte der Ball im Netz und der Bann war gebrochen. Mit insgesamt 5:0 war das Finale am Ende eine klare Sache und die Jungs inkl. Trainerstab (\u201aPuper\u2018 v. d. Heide, \u201aMatze\u2018 Enneking u. \u201aBauer\u2018 Kuhlmann) konnten und durften sich v\u00f6llig zu Recht feiern lassen, und zwar als<br \/>\u00a0<strong>OM Cup Sieger 2022 (LK II)<\/strong><br \/>Alle unsere Jugendmannschaften st\u00fcrmten daraufhin den Platz und feierten zusammen mit der E2. Ein \u201asuper Bild\u2018 f\u00fcr alle ausw\u00e4rtigen Zuschauer. Quasi ein Spiegelbild des gesamten Turniers, denn immer dann, wenn eine SWO Mannschaft auf dem Platz im Einsatz war, gab es eine kollektive Unterst\u00fctzung von den anderen 3 Teams. Das hat richtig Spa\u00df gemacht, einfach top.<br \/>Wir haben viele tolle Eindr\u00fccke aus Neuenkirchen mitnehmen k\u00f6nnen, hatten vereinsintern eine Bombenstimmung, ein tolles miteinander und ein richtig \u201ageiles\u2018 Abschlussevent. Nicht alles, aber ganz gewiss das meiste lief ziemlich rund.<br \/>Die Sportanlage war perfekt f\u00fcr dieses Riesenspektakel. Ein gro\u00dfes Lob daf\u00fcr an den Gastgeber -dem TuS Neuenkirchen- mit vielen lachendem Herzen aus Osterfeine\u2026, der etwas zu lange Rasen sei euch verziehen \u2026<br \/>Auch noch ein Dank f\u00fcr die wahnsinnige Unterst\u00fctzung an die gesamte OSV Familie sowie den Sponsoren und dem Vorstand f\u00fcr die finanziellen Zugaben. Wir freuen uns schon definitiv auf das n\u00e4chste Jahr in Elsten (Kreis Cloppenburg), gehen aber erst einmal in die verdiente Sommerpause.<br \/>Mit sportlichem Gru\u00df<br \/>Trainer u. Betreuerteam<br \/>E-Jugend 2021 \/ 22<\/p>\n","protected":false},"excerpt":{"rendered":"<p>Liebe Freunde von SW Osterfeine,am vergangenen Wochenende stand nach 2 endlosen Corona Jahren endlich wieder der OM Cup als traditioneller Saisonabschluss auf dem Programm der E-Jugend. Wir hatten vor der Saison im August 2021, obwohl wir Spielertechnisch eigentlich zu knapp besetzt waren, insgesamt 4 E Jugendteams (Jahrg\u00e4nge 2011 + 2012) f\u00fcr den Spielbetrieb gemeldet, um [&hellip;]<\/p>\n","protected":false},"author":3,"featured_media":0,"comment_status":"closed","ping_status":"closed","sticky":false,"template":"","format":"standard","meta":{"footnotes":""},"categories":[3],"tags":[],"_links":{"self":[{"href":"https:\/\/sw-osterfeine.de\/index.php?rest_route=\/wp\/v2\/posts\/30413"}],"collection":[{"href":"https:\/\/sw-osterfeine.de\/index.php?rest_route=\/wp\/v2\/posts"}],"about":[{"href":"https:\/\/sw-osterfeine.de\/index.php?rest_route=\/wp\/v2\/types\/post"}],"author":[{"embeddable":true,"href":"https:\/\/sw-osterfeine.de\/index.php?rest_route=\/wp\/v2\/users\/3"}],"replies":[{"embeddable":true,"href":"https:\/\/sw-osterfeine.de\/index.php?rest_route=%2Fwp%2Fv2%2Fcomments&post=30413"}],"version-history":[{"count":3,"href":"https:\/\/sw-osterfeine.de\/index.php?rest_route=\/wp\/v2\/posts\/30413\/revisions"}],"predecessor-version":[{"id":30416,"href":"https:\/\/sw-osterfeine.de\/index.php?rest_route=\/wp\/v2\/posts\/30413\/revisions\/30416"}],"wp:attachment":[{"href":"https:\/\/sw-osterfeine.de\/index.php?rest_route=%2Fwp%2Fv2%2Fmedia&parent=30413"}],"wp:term":[{"taxonomy":"category","embeddable":true,"href":"https:\/\/sw-osterfeine.de\/index.php?rest_route=%2Fwp%2Fv2%2Fcategories&post=30413"},{"taxonomy":"post_tag","embeddable":true,"href":"https:\/\/sw-osterfeine.de\/index.php?rest_route=%2Fwp%2Fv2%2Ftags&post=30413"}],"curies":[{"name":"wp","href":"https:\/\/api.w.org\/{rel}","templated":true}]}}