{"id":30554,"date":"2022-08-04T17:17:26","date_gmt":"2022-08-04T15:17:26","guid":{"rendered":"https:\/\/sw-osterfeine.de\/?p=30554"},"modified":"2022-08-04T17:17:26","modified_gmt":"2022-08-04T15:17:26","slug":"danke-ben-fuer-dein-tolles-fsj-im-osv","status":"publish","type":"post","link":"https:\/\/sw-osterfeine.de\/?p=30554","title":{"rendered":"Danke Ben f\u00fcr Dein tolles FSJ im OSV"},"content":{"rendered":"\n<p><strong>Am letzten Tag im Juli endete f\u00fcr Ben Wolfram ein ereignisreiches und tolles Jahr als FSJ-Kraft im Sportverein SW Osterfeine.<\/strong><\/p>\n<p><strong>Lieber Ben, der Sportverein Schwarz-Wei\u00df Osterfeine sagt Danke f\u00fcr Deine herausragende Arbeit in unserem Verein.<\/strong><\/p>\n<p><strong>Ob als Jugendtrainer \u2013 nun mit der C-Lizenz ausgestattet \u2013 oder in der Gesch\u00e4ftsstelle oder als Mann f\u00fcr viele Loko-F\u00e4lle: Ben erledigte alle Arbeiten zuverl\u00e4ssig, zielorientiert, hilfsbereit und immer mit einem sch\u00f6nen Schuss guter Laune!!!<\/strong><\/p>\n<p><strong>Nochmal Danke und der Sportverein w\u00fcnscht Dir f\u00fcr Deinen weiteren beruflichen, privaten und sportlichen Werdegang nur das Allerbeste!!!<\/strong><\/p>\n<p>\u00a0<\/p>\n","protected":false},"excerpt":{"rendered":"<p>Am letzten Tag im Juli endete f\u00fcr Ben Wolfram ein ereignisreiches und tolles Jahr als FSJ-Kraft im Sportverein SW Osterfeine. Lieber Ben, der Sportverein Schwarz-Wei\u00df Osterfeine sagt Danke f\u00fcr Deine herausragende Arbeit in unserem Verein. Ob als Jugendtrainer \u2013 nun mit der C-Lizenz ausgestattet \u2013 oder in der Gesch\u00e4ftsstelle oder als Mann f\u00fcr viele Loko-F\u00e4lle: [&hellip;]<\/p>\n","protected":false},"author":3,"featured_media":0,"comment_status":"closed","ping_status":"closed","sticky":false,"template":"","format":"standard","meta":{"footnotes":""},"categories":[37],"tags":[],"_links":{"self":[{"href":"https:\/\/sw-osterfeine.de\/index.php?rest_route=\/wp\/v2\/posts\/30554"}],"collection":[{"href":"https:\/\/sw-osterfeine.de\/index.php?rest_route=\/wp\/v2\/posts"}],"about":[{"href":"https:\/\/sw-osterfeine.de\/index.php?rest_route=\/wp\/v2\/types\/post"}],"author":[{"embeddable":true,"href":"https:\/\/sw-osterfeine.de\/index.php?rest_route=\/wp\/v2\/users\/3"}],"replies":[{"embeddable":true,"href":"https:\/\/sw-osterfeine.de\/index.php?rest_route=%2Fwp%2Fv2%2Fcomments&post=30554"}],"version-history":[{"count":1,"href":"https:\/\/sw-osterfeine.de\/index.php?rest_route=\/wp\/v2\/posts\/30554\/revisions"}],"predecessor-version":[{"id":30555,"href":"https:\/\/sw-osterfeine.de\/index.php?rest_route=\/wp\/v2\/posts\/30554\/revisions\/30555"}],"wp:attachment":[{"href":"https:\/\/sw-osterfeine.de\/index.php?rest_route=%2Fwp%2Fv2%2Fmedia&parent=30554"}],"wp:term":[{"taxonomy":"category","embeddable":true,"href":"https:\/\/sw-osterfeine.de\/index.php?rest_route=%2Fwp%2Fv2%2Fcategories&post=30554"},{"taxonomy":"post_tag","embeddable":true,"href":"https:\/\/sw-osterfeine.de\/index.php?rest_route=%2Fwp%2Fv2%2Ftags&post=30554"}],"curies":[{"name":"wp","href":"https:\/\/api.w.org\/{rel}","templated":true}]}}