{"id":30556,"date":"2022-08-04T17:19:42","date_gmt":"2022-08-04T15:19:42","guid":{"rendered":"https:\/\/sw-osterfeine.de\/?p=30556"},"modified":"2022-08-04T17:22:55","modified_gmt":"2022-08-04T15:22:55","slug":"neue-zeiten-in-unserer-geschaeftsstelle","status":"publish","type":"post","link":"https:\/\/sw-osterfeine.de\/?p=30556","title":{"rendered":"Neue Zeiten in unserer Gesch\u00e4ftsstelle"},"content":{"rendered":"\n<p>Nachdem Ben und Hanna ihr FSJ beim OSV beendet haben und ein neues FSJ-Engagement nicht zustande kam, gibt es ab dem 15.08.2022 folgende neue \u00d6ffnungszeiten in unserer Gesch\u00e4ftsstelle:<\/p>\n<p>\u00a0<\/p>\n<p>Montags\u00a0\u00a0\u00a0\u00a0\u00a0\u00a0\u00a0\u00a0\u00a0\u00a0 13.00 bis 15.00 Uhr<\/p>\n<p>Dienstags\u00a0\u00a0\u00a0\u00a0\u00a0\u00a0\u00a0\u00a0 10.00 bis 12.00 Uhr<\/p>\n<p>Donnerstags \u00a0\u00a0\u00a0 11.00 bis 13.00 Uhr<\/p>\n<p>Freitags\u00a0\u00a0\u00a0\u00a0\u00a0\u00a0\u00a0\u00a0\u00a0\u00a0 \u00a0 15.00 bis 18.00 Uhr<\/p>\n<p>\u00a0<\/p>\n<p>Petra B\u00f6ckerstette leitet wie bisher unsere Gesch\u00e4ftsstelle und ist zu den oben genannten Zeiten in der Gesch\u00e4ftsstelle beim Halleneingang erreichbar.<\/p>\n<p>Ihr k\u00f6nnt in dieser Zeit Petra telefonisch unter 05491\/7566 erreichen. Ferner ist die Gesch\u00e4ftsstelle unver\u00e4ndert per Mail erreichbar.<\/p>\n<p>\u00a0<\/p>\n<p>\u00a0<\/p>\n","protected":false},"excerpt":{"rendered":"<p>Nachdem Ben und Hanna ihr FSJ beim OSV beendet haben und ein neues FSJ-Engagement nicht zustande kam, gibt es ab dem 15.08.2022 folgende neue \u00d6ffnungszeiten in unserer Gesch\u00e4ftsstelle: \u00a0 Montags\u00a0\u00a0\u00a0\u00a0\u00a0\u00a0\u00a0\u00a0\u00a0\u00a0 13.00 bis 15.00 Uhr Dienstags\u00a0\u00a0\u00a0\u00a0\u00a0\u00a0\u00a0\u00a0 10.00 bis 12.00 Uhr Donnerstags \u00a0\u00a0\u00a0 11.00 bis 13.00 Uhr Freitags\u00a0\u00a0\u00a0\u00a0\u00a0\u00a0\u00a0\u00a0\u00a0\u00a0 \u00a0 15.00 bis 18.00 Uhr \u00a0 Petra B\u00f6ckerstette leitet [&hellip;]<\/p>\n","protected":false},"author":3,"featured_media":0,"comment_status":"closed","ping_status":"closed","sticky":false,"template":"","format":"standard","meta":{"footnotes":""},"categories":[37],"tags":[],"_links":{"self":[{"href":"https:\/\/sw-osterfeine.de\/index.php?rest_route=\/wp\/v2\/posts\/30556"}],"collection":[{"href":"https:\/\/sw-osterfeine.de\/index.php?rest_route=\/wp\/v2\/posts"}],"about":[{"href":"https:\/\/sw-osterfeine.de\/index.php?rest_route=\/wp\/v2\/types\/post"}],"author":[{"embeddable":true,"href":"https:\/\/sw-osterfeine.de\/index.php?rest_route=\/wp\/v2\/users\/3"}],"replies":[{"embeddable":true,"href":"https:\/\/sw-osterfeine.de\/index.php?rest_route=%2Fwp%2Fv2%2Fcomments&post=30556"}],"version-history":[{"count":3,"href":"https:\/\/sw-osterfeine.de\/index.php?rest_route=\/wp\/v2\/posts\/30556\/revisions"}],"predecessor-version":[{"id":30559,"href":"https:\/\/sw-osterfeine.de\/index.php?rest_route=\/wp\/v2\/posts\/30556\/revisions\/30559"}],"wp:attachment":[{"href":"https:\/\/sw-osterfeine.de\/index.php?rest_route=%2Fwp%2Fv2%2Fmedia&parent=30556"}],"wp:term":[{"taxonomy":"category","embeddable":true,"href":"https:\/\/sw-osterfeine.de\/index.php?rest_route=%2Fwp%2Fv2%2Fcategories&post=30556"},{"taxonomy":"post_tag","embeddable":true,"href":"https:\/\/sw-osterfeine.de\/index.php?rest_route=%2Fwp%2Fv2%2Ftags&post=30556"}],"curies":[{"name":"wp","href":"https:\/\/api.w.org\/{rel}","templated":true}]}}