{"id":30734,"date":"2022-09-08T12:26:37","date_gmt":"2022-09-08T10:26:37","guid":{"rendered":"https:\/\/sw-osterfeine.de\/?p=30734"},"modified":"2022-09-08T12:26:37","modified_gmt":"2022-09-08T10:26:37","slug":"info-fuer-alle-trainerinnen-und-trainer","status":"publish","type":"post","link":"https:\/\/sw-osterfeine.de\/?p=30734","title":{"rendered":"Info f\u00fcr alle Trainerinnen und Trainer"},"content":{"rendered":"\n\n\n<p>Seit dieser Woche steht uns die\u00a0 Sportstation 2 zur Verf\u00fcgung. Wer mit diesem Ger\u00e4t sein Trainingsprogramm erweitern m\u00f6chte, kann dieses gerne nutzten. Eine erste Einweisung erfolgte bereits in dieser Woche. Ansprechpartner sind Frank B\u00f6ckmann, Daniel von der Heide, Marco Otte und Jutta Hillmann. Sie k\u00f6nnen euch erste Infos zu der Sportstation 2 geben und euch den Umgang mit dem Ger\u00e4t, Programmierung der Sportb\u00e4nder etc. erkl\u00e4ren. Es besteht auch die M\u00f6glichkeit an einem festen Termin mehreren Trainern\/Abteilungen das Ger\u00e4t zu erkl\u00e4ren.<\/p>\n<p>Eine tolle Erg\u00e4nzung und Erweiterung zum normalen Training!<\/p>\n<p><a href=\"https:\/\/sw-osterfeine.de\/wp-content\/uploads\/2022\/09\/OIP.jpg\" data-rel=\"lightbox-image-0\" data-rl_title=\"\" data-rl_caption=\"\" title=\"\"><img loading=\"lazy\" decoding=\"async\" class=\"alignleft size-medium wp-image-30735\" src=\"https:\/\/sw-osterfeine.de\/wp-content\/uploads\/2022\/09\/OIP-300x200.jpg\" alt=\"\" width=\"300\" height=\"200\" srcset=\"https:\/\/sw-osterfeine.de\/wp-content\/uploads\/2022\/09\/OIP-300x200.jpg 300w, https:\/\/sw-osterfeine.de\/wp-content\/uploads\/2022\/09\/OIP.jpg 474w\" sizes=\"(max-width: 300px) 100vw, 300px\" \/><\/a><\/p>\n<p>\u00a0<\/p>\n\n\n","protected":false},"excerpt":{"rendered":"<p>Seit dieser Woche steht uns die\u00a0 Sportstation 2 zur Verf\u00fcgung. Wer mit diesem Ger\u00e4t sein Trainingsprogramm erweitern m\u00f6chte, kann dieses gerne nutzten. Eine erste Einweisung erfolgte bereits in dieser Woche. Ansprechpartner sind Frank B\u00f6ckmann, Daniel von der Heide, Marco Otte und Jutta Hillmann. Sie k\u00f6nnen euch erste Infos zu der Sportstation 2 geben und euch [&hellip;]<\/p>\n","protected":false},"author":3,"featured_media":0,"comment_status":"closed","ping_status":"closed","sticky":false,"template":"","format":"standard","meta":{"footnotes":""},"categories":[37],"tags":[],"_links":{"self":[{"href":"https:\/\/sw-osterfeine.de\/index.php?rest_route=\/wp\/v2\/posts\/30734"}],"collection":[{"href":"https:\/\/sw-osterfeine.de\/index.php?rest_route=\/wp\/v2\/posts"}],"about":[{"href":"https:\/\/sw-osterfeine.de\/index.php?rest_route=\/wp\/v2\/types\/post"}],"author":[{"embeddable":true,"href":"https:\/\/sw-osterfeine.de\/index.php?rest_route=\/wp\/v2\/users\/3"}],"replies":[{"embeddable":true,"href":"https:\/\/sw-osterfeine.de\/index.php?rest_route=%2Fwp%2Fv2%2Fcomments&post=30734"}],"version-history":[{"count":1,"href":"https:\/\/sw-osterfeine.de\/index.php?rest_route=\/wp\/v2\/posts\/30734\/revisions"}],"predecessor-version":[{"id":30736,"href":"https:\/\/sw-osterfeine.de\/index.php?rest_route=\/wp\/v2\/posts\/30734\/revisions\/30736"}],"wp:attachment":[{"href":"https:\/\/sw-osterfeine.de\/index.php?rest_route=%2Fwp%2Fv2%2Fmedia&parent=30734"}],"wp:term":[{"taxonomy":"category","embeddable":true,"href":"https:\/\/sw-osterfeine.de\/index.php?rest_route=%2Fwp%2Fv2%2Fcategories&post=30734"},{"taxonomy":"post_tag","embeddable":true,"href":"https:\/\/sw-osterfeine.de\/index.php?rest_route=%2Fwp%2Fv2%2Ftags&post=30734"}],"curies":[{"name":"wp","href":"https:\/\/api.w.org\/{rel}","templated":true}]}}