{"id":30827,"date":"2022-10-04T10:40:12","date_gmt":"2022-10-04T08:40:12","guid":{"rendered":"https:\/\/sw-osterfeine.de\/?p=30827"},"modified":"2022-10-04T10:40:53","modified_gmt":"2022-10-04T08:40:53","slug":"was-gibt-es-neues-im-osv%ef%bf%bc","status":"publish","type":"post","link":"https:\/\/sw-osterfeine.de\/?p=30827","title":{"rendered":"Was gibt es Neues im OSV????"},"content":{"rendered":"\n\n\n<p><strong>-Am 5.November feiert der Sportverein SW Osterfeine in der vereinseigenen<em><u> Sporthalle <\/u><\/em>in Osterfeine seinen <em><u>Sportlerball <\/u><\/em>2022 mit Kohlessen. In einigen Tagen werden die neuen Eintrittskarten geliefert. \u00dcber den Verteilungsmodus erfolgen rechtzeitig die erforderlichen Informationen. Sicher ist allerdings schon jetzt: Die <em><u>Preise<\/u><\/em> f\u00fcr die Eintrittskarten und die Getr\u00e4nkepreise sind gegen\u00fcber dem Vorjahr <em><u>unver\u00e4ndert<\/u><\/em>. Dies soll ein bewusstes Zeichen Eures Vereines f\u00fcr seine Mitglieder in dieser Zeit sein. Ob jung, ob alt, der OSV freut sich auf Euch beim Sportlerball 2022!!!!!! <\/strong><\/p>\n<p><strong>-Nach dem Abschluss der Hinserie soll die Installation der <em><u>Flutlichtanlage auf Platz III<\/u><\/em> in Angriff genommen werden. Wenn nichts dazwischenkommt, werden Frank und Josef Lamping f\u00fcr einen betonsicheren Stand der Masten sorgen und Benni und Bernard Gravemeyer werden daf\u00fcr Sorge tragen, dass m\u00f6glichst vielen OSVern auf Platz III bei eigenem Ballbesitz das richtige Licht aufgeht.<\/strong><\/p>\n<p><strong>-Ersten Hochrechnungen unserer Gesch\u00e4ftsstelle zufolge wird die Mitgliederzahl unseres Vereines auch im Jahre 2022 eine weitere Steigerung erfahren. Auf die genaue Zahl m\u00fcssen wir allerdings noch gute 3 Monate warten. Aber schon heute ist das eine tolle Nachricht und der OSV hei\u00dft alle Neumitglieder ganz herzlich im Sportverein willkommen.<\/strong><\/p>\n<p><strong>-Vermutlich im November muss sich unser Sporthallenboden einer General\u00fcberholung unterziehen und damit wird die Halle f\u00fcr ca 2 Wochen f\u00fcr jeglichen Sport <\/strong><\/p>\n<p><strong>gesperrt werden m\u00fcssen. N\u00e4here Informationen folgen, sobald der genaue Plan feststeht.<\/strong><\/p>\n<p><strong>-Unter der Regie von Schwarz-Wei\u00df Osterfeine wird in diesem Jahr den Kindern am Vormittag des Heiligen Abends in der vereinseigenen Sporthalle das Warten auf das Christkind erleichtert. N\u00e4here Infos folgen noch.<\/strong><\/p>\n<p><strong>Am fr\u00fchen Nachmittag gibt es dann auch f\u00fcr unsere Jugendlichen am Heiligabend die M\u00f6glichkeit, sich sportlich auf das Christkind vorzubereiten\u2026\u2026 Auch hier folgen noch n\u00e4here Infos.<\/strong><\/p>\n<p><strong>Neu angesetzt wurde mittlerweile auch das Nachholspiel der Bezirksliga IV unserer I-Herrenmannschaft in L\u00fcsche: Am Sonntag, den 11.12.2022 um 14.00 Uhr soll der 2. Versuch starten. <\/strong><\/p>\n<p><strong>&nbsp;<\/strong><\/p>\n","protected":false},"excerpt":{"rendered":"<p>-Am 5.November feiert der Sportverein SW Osterfeine in der vereinseigenen Sporthalle in Osterfeine seinen Sportlerball 2022 mit Kohlessen. In einigen Tagen werden die neuen Eintrittskarten geliefert. \u00dcber den Verteilungsmodus erfolgen rechtzeitig die erforderlichen Informationen. Sicher ist allerdings schon jetzt: Die Preise f\u00fcr die Eintrittskarten und die Getr\u00e4nkepreise sind gegen\u00fcber dem Vorjahr unver\u00e4ndert. Dies soll ein [&hellip;]<\/p>\n","protected":false},"author":3,"featured_media":0,"comment_status":"closed","ping_status":"closed","sticky":false,"template":"","format":"standard","meta":{"footnotes":""},"categories":[37],"tags":[],"_links":{"self":[{"href":"https:\/\/sw-osterfeine.de\/index.php?rest_route=\/wp\/v2\/posts\/30827"}],"collection":[{"href":"https:\/\/sw-osterfeine.de\/index.php?rest_route=\/wp\/v2\/posts"}],"about":[{"href":"https:\/\/sw-osterfeine.de\/index.php?rest_route=\/wp\/v2\/types\/post"}],"author":[{"embeddable":true,"href":"https:\/\/sw-osterfeine.de\/index.php?rest_route=\/wp\/v2\/users\/3"}],"replies":[{"embeddable":true,"href":"https:\/\/sw-osterfeine.de\/index.php?rest_route=%2Fwp%2Fv2%2Fcomments&post=30827"}],"version-history":[{"count":2,"href":"https:\/\/sw-osterfeine.de\/index.php?rest_route=\/wp\/v2\/posts\/30827\/revisions"}],"predecessor-version":[{"id":30829,"href":"https:\/\/sw-osterfeine.de\/index.php?rest_route=\/wp\/v2\/posts\/30827\/revisions\/30829"}],"wp:attachment":[{"href":"https:\/\/sw-osterfeine.de\/index.php?rest_route=%2Fwp%2Fv2%2Fmedia&parent=30827"}],"wp:term":[{"taxonomy":"category","embeddable":true,"href":"https:\/\/sw-osterfeine.de\/index.php?rest_route=%2Fwp%2Fv2%2Fcategories&post=30827"},{"taxonomy":"post_tag","embeddable":true,"href":"https:\/\/sw-osterfeine.de\/index.php?rest_route=%2Fwp%2Fv2%2Ftags&post=30827"}],"curies":[{"name":"wp","href":"https:\/\/api.w.org\/{rel}","templated":true}]}}