{"id":30871,"date":"2022-10-08T10:45:02","date_gmt":"2022-10-08T08:45:02","guid":{"rendered":"https:\/\/sw-osterfeine.de\/?p=30871"},"modified":"2022-10-08T10:45:02","modified_gmt":"2022-10-08T08:45:02","slug":"stadionzeitung-sw-aktuell-gegen-sv-altenoythe-am-09-10-22","status":"publish","type":"post","link":"https:\/\/sw-osterfeine.de\/?p=30871","title":{"rendered":"Stadionzeitung &#8222;SW Aktuell&#8220; gegen SV Altenoythe am 09.10.22"},"content":{"rendered":"\n\n\n<p>Am Sonntag (09.10. &#8211; 15 Uhr) erwarten wir unseren langj\u00e4hrigen Bezirksliga-Wegbestreiter SV Altenoythe in Osterfeine.<\/p>\n<p>Altenoythe bastelt in jedem Sommer an einem starken Kader f\u00fcr die jeweilige Saison und so wurden sie auch in dieser Saison von vielen Experten wieder hoch gehandelt.<\/p>\n<p>Aktuell laufen sie den Erwartungen etwas hinterher, aber sie werden auf kurz oder lang positive Ergebnisse einfahren und sich in das obere Tabellen-Drittel schieben.<\/p>\n<p>Eine ganz schwere Aufgabe wartet also auf unsere Mannschaft. Gerade in der aktuellen Situation, in der uns das Spielgl\u00fcck fehlt, ben\u00f6tigt die Mannschaft die volle Unterst\u00fctzung der Osterfeiner Zuschauer!!<\/p>\n<p><strong>Kommt am Sonntag zum Sportplatz und feuert unsere Mannschaft an, damit wir diese so wichtigen Heimspiel-Punkte in Osterfeine lassen k\u00f6nnen!!<\/strong><\/p>\n<p>Nachfolgend die Stadionzeitung zu dem Spiel gegen Altenoythe:<\/p>\n<p>\u00a0<\/p>\n<p><a href=\"https:\/\/sw-osterfeine.de\/wp-content\/uploads\/2022\/10\/Stadionzeitung-SV-Altenoythe-09.10.22.pdf\">Stadionzeitung SV Altenoythe 09.10.22<\/a><\/p>\n<p>\u00a0<\/p>\n<p>\u00a0<\/p>\n","protected":false},"excerpt":{"rendered":"<p>Am Sonntag (09.10. &#8211; 15 Uhr) erwarten wir unseren langj\u00e4hrigen Bezirksliga-Wegbestreiter SV Altenoythe in Osterfeine. Altenoythe bastelt in jedem Sommer an einem starken Kader f\u00fcr die jeweilige Saison und so wurden sie auch in dieser Saison von vielen Experten wieder hoch gehandelt. Aktuell laufen sie den Erwartungen etwas hinterher, aber sie werden auf kurz oder [&hellip;]<\/p>\n","protected":false},"author":3,"featured_media":0,"comment_status":"closed","ping_status":"closed","sticky":false,"template":"","format":"standard","meta":{"footnotes":""},"categories":[3],"tags":[],"_links":{"self":[{"href":"https:\/\/sw-osterfeine.de\/index.php?rest_route=\/wp\/v2\/posts\/30871"}],"collection":[{"href":"https:\/\/sw-osterfeine.de\/index.php?rest_route=\/wp\/v2\/posts"}],"about":[{"href":"https:\/\/sw-osterfeine.de\/index.php?rest_route=\/wp\/v2\/types\/post"}],"author":[{"embeddable":true,"href":"https:\/\/sw-osterfeine.de\/index.php?rest_route=\/wp\/v2\/users\/3"}],"replies":[{"embeddable":true,"href":"https:\/\/sw-osterfeine.de\/index.php?rest_route=%2Fwp%2Fv2%2Fcomments&post=30871"}],"version-history":[{"count":1,"href":"https:\/\/sw-osterfeine.de\/index.php?rest_route=\/wp\/v2\/posts\/30871\/revisions"}],"predecessor-version":[{"id":30873,"href":"https:\/\/sw-osterfeine.de\/index.php?rest_route=\/wp\/v2\/posts\/30871\/revisions\/30873"}],"wp:attachment":[{"href":"https:\/\/sw-osterfeine.de\/index.php?rest_route=%2Fwp%2Fv2%2Fmedia&parent=30871"}],"wp:term":[{"taxonomy":"category","embeddable":true,"href":"https:\/\/sw-osterfeine.de\/index.php?rest_route=%2Fwp%2Fv2%2Fcategories&post=30871"},{"taxonomy":"post_tag","embeddable":true,"href":"https:\/\/sw-osterfeine.de\/index.php?rest_route=%2Fwp%2Fv2%2Ftags&post=30871"}],"curies":[{"name":"wp","href":"https:\/\/api.w.org\/{rel}","templated":true}]}}