{"id":30883,"date":"2022-10-17T13:12:27","date_gmt":"2022-10-17T11:12:27","guid":{"rendered":"https:\/\/sw-osterfeine.de\/?p=30883"},"modified":"2022-10-17T13:12:27","modified_gmt":"2022-10-17T11:12:27","slug":"ii-b-jugend-sagt-danke","status":"publish","type":"post","link":"https:\/\/sw-osterfeine.de\/?p=30883","title":{"rendered":"II. B-Jugend sagt ,,Danke&#8220;"},"content":{"rendered":"\n\n\n<p><span style=\"font-family: 'Calibri',sans-serif; color: black;\">Die B-II-Jugend bedankt sich ganz herzlich bei Sandra und Bernd Putthoff von der Firma Holzbau Putthoff f\u00fcr die Ausstattung mit einheitlichen Aufw\u00e4rmshits. Mannschaftssprecher\u00a0Hinrich Bosche \u00fcbernahm das Dankesch\u00f6n f\u00fcr die Shirts rhetorisch\u00a0gekonnt in die Hand und Torwart\u00a0Kevin Gravemeyer \u00fcberreichte ein kleines Dankepr\u00e4sent.\u00a0Die Jungs stellten sich anschlie\u00dfend\u00a0gemeinsam mit Sandra und Bernd in der vereinseigenen Sporthalle zu einem Foto auf und konnten sich anschlie\u00dfend\u00a0bei einer gemeinsamen Cola \u00fcber\u00a0den Spielausfall \u00e4rgern.<\/span><\/p>\n<p><span style=\"font-family: 'Calibri',sans-serif; color: black;\"> <a href=\"https:\/\/sw-osterfeine.de\/wp-content\/uploads\/2022\/10\/B-II-Jugend-II.jpg\" data-rel=\"lightbox-image-0\" data-rl_title=\"\" data-rl_caption=\"\" title=\"\"><img loading=\"lazy\" decoding=\"async\" class=\"alignleft size-full wp-image-30881\" src=\"https:\/\/sw-osterfeine.de\/wp-content\/uploads\/2022\/10\/B-II-Jugend-II.jpg\" alt=\"\" width=\"1024\" height=\"768\" srcset=\"https:\/\/sw-osterfeine.de\/wp-content\/uploads\/2022\/10\/B-II-Jugend-II.jpg 1024w, https:\/\/sw-osterfeine.de\/wp-content\/uploads\/2022\/10\/B-II-Jugend-II-300x225.jpg 300w, https:\/\/sw-osterfeine.de\/wp-content\/uploads\/2022\/10\/B-II-Jugend-II-768x576.jpg 768w\" sizes=\"(max-width: 1024px) 100vw, 1024px\" \/><\/a><\/span><\/p>\n","protected":false},"excerpt":{"rendered":"<p>Die B-II-Jugend bedankt sich ganz herzlich bei Sandra und Bernd Putthoff von der Firma Holzbau Putthoff f\u00fcr die Ausstattung mit einheitlichen Aufw\u00e4rmshits. Mannschaftssprecher\u00a0Hinrich Bosche \u00fcbernahm das Dankesch\u00f6n f\u00fcr die Shirts rhetorisch\u00a0gekonnt in die Hand und Torwart\u00a0Kevin Gravemeyer \u00fcberreichte ein kleines Dankepr\u00e4sent.\u00a0Die Jungs stellten sich anschlie\u00dfend\u00a0gemeinsam mit Sandra und Bernd in der vereinseigenen Sporthalle zu einem [&hellip;]<\/p>\n","protected":false},"author":3,"featured_media":0,"comment_status":"closed","ping_status":"closed","sticky":false,"template":"","format":"standard","meta":{"footnotes":""},"categories":[3],"tags":[],"_links":{"self":[{"href":"https:\/\/sw-osterfeine.de\/index.php?rest_route=\/wp\/v2\/posts\/30883"}],"collection":[{"href":"https:\/\/sw-osterfeine.de\/index.php?rest_route=\/wp\/v2\/posts"}],"about":[{"href":"https:\/\/sw-osterfeine.de\/index.php?rest_route=\/wp\/v2\/types\/post"}],"author":[{"embeddable":true,"href":"https:\/\/sw-osterfeine.de\/index.php?rest_route=\/wp\/v2\/users\/3"}],"replies":[{"embeddable":true,"href":"https:\/\/sw-osterfeine.de\/index.php?rest_route=%2Fwp%2Fv2%2Fcomments&post=30883"}],"version-history":[{"count":1,"href":"https:\/\/sw-osterfeine.de\/index.php?rest_route=\/wp\/v2\/posts\/30883\/revisions"}],"predecessor-version":[{"id":30884,"href":"https:\/\/sw-osterfeine.de\/index.php?rest_route=\/wp\/v2\/posts\/30883\/revisions\/30884"}],"wp:attachment":[{"href":"https:\/\/sw-osterfeine.de\/index.php?rest_route=%2Fwp%2Fv2%2Fmedia&parent=30883"}],"wp:term":[{"taxonomy":"category","embeddable":true,"href":"https:\/\/sw-osterfeine.de\/index.php?rest_route=%2Fwp%2Fv2%2Fcategories&post=30883"},{"taxonomy":"post_tag","embeddable":true,"href":"https:\/\/sw-osterfeine.de\/index.php?rest_route=%2Fwp%2Fv2%2Ftags&post=30883"}],"curies":[{"name":"wp","href":"https:\/\/api.w.org\/{rel}","templated":true}]}}