{"id":30885,"date":"2022-10-17T13:17:52","date_gmt":"2022-10-17T11:17:52","guid":{"rendered":"https:\/\/sw-osterfeine.de\/?p=30885"},"modified":"2022-10-17T13:17:52","modified_gmt":"2022-10-17T11:17:52","slug":"1-b-jugend-15","status":"publish","type":"post","link":"https:\/\/sw-osterfeine.de\/?p=30885","title":{"rendered":"1. B-Jugend"},"content":{"rendered":"\n<p>SW Osterfeine \u2013 GW Brockdorf 1:1<\/p>\n<p>Wer h\u00e4tte vor Beginn der Saison gedacht, dass wir am 6. Spieltag der B-Jugend Bezirksliga eine Art Spitzenspiel gegen GW Brockdorf austragen w\u00fcrden? Der Tabellenvierte (SW Osterfeine) empfing den aktuellen Spitzenreiter aus der erweiterten Nachbarschaft.<\/p>\n<p>Bereits vor Spielbeginn gab es die erste positive Nachricht zu vermelden. Nach ca. dreimonatigem Ausfall geh\u00f6rte Tom Neteler erstmals in dieser Saison wieder dem Spieltagskader an. Willkommen zur\u00fcck!<\/p>\n<p>Wir starteten auf heimischem Gel\u00e4uf direkt konzentriert und extrem engagiert in die Partie. F\u00fcr den Tabellenf\u00fchrer gab es gegen unsere Hintermannschaft kein Durchkommen. Im Spielaufbau agierten wir ballsicher und besch\u00e4ftigten regelm\u00e4\u00dfig die gegnerische Defensive. Zwar taten auch wir uns schwer die letzte Linie zu \u00fcberwinden, konnten aber dennoch die eine oder andere M\u00f6glichkeit erspielen. Sowohl Carl, als auch Paul konnten allerdings ihre Chancen leider nicht in ein Tor umm\u00fcnzen.<!--more--><\/p>\n<p>Diesen Missstand wollte Mattes so nicht stehen lassen. Paul lie\u00df einen langen Ball auf Benny zur\u00fcckprallen und wurde von diesem steil geschickt. Nach einem langen Sprint brachte er das Spielger\u00e4t in den Strafraum, wo Mattes \u201eDuracell\u201c Glandorf nach einem Lauf von Strafraum zu Strafraum, der schwer an Erling Haaland erinnerte, pl\u00f6tzlich frei vor dem Torwart auftauchte und in der 35. Minute die F\u00fchrung erzielte.<\/p>\n<p>Mit etwas mehr Cleverness und unbedingtem Willen ein Tor erzielen zu wollen w\u00e4re in der ersten H\u00e4lfte sicherlich noch mehr drin gewesen. Dies wollten wir in H\u00e4lfte zwei korrigieren.<\/p>\n<p>Auch den zweiten Spielabschnitt begannen wir, wie wir den ersten beendet hatten. Wir verteidigten konzentriert und spielten gef\u00e4llig nach vorne. Etwas Z\u00e4hlbares sprang jedoch nicht dabei heraus.<\/p>\n<p>Mit zunehmender Spielzeit lie\u00dfen unsere Kr\u00e4fte dann sichtbar nach. Den Angriffen fehlte in der Folge die Durchschlagskraft und unser Kombinationsspiel verlor an Sch\u00e4rfe und Pr\u00e4zision. Weitaus schwerwiegender war jedoch, dass wir nicht mehr in der Lage waren die defensive Kompaktheit wiederzufinden, die uns in Halbzeit eins noch so stark gemacht hatte.<\/p>\n<p>Wir brachten Brockdorf dadurch zur\u00fcck ins Spiel und mussten uns immer neuen Angriffen der G\u00e4ste erwehren. Zwar hatten auch wir die eine oder andere Konterm\u00f6glichkeit, konnten jedoch nicht mehr f\u00fcr nachhaltige Entlastung sorgen. Bestraft wurden wir in der 71. Minute. Nach einem gegnerischen Einwurf bekamen wir keinen Zugriff, ein langer Ball auf die Au\u00dfenbahn flog \u00fcber Noah hinweg und den anschlie\u00dfenden Querpass musste der Brockdorfer Angreifer nur noch zum Ausgleich einschieben.<\/p>\n<p>Nach diesem R\u00fcckschlag verteidigten wir weiter leidenschaftlich und behielten letztendlich somit verdient einen Punkt in Osterfeine. Sicherlich w\u00e4re hier mehr drin gewesen, \u00fcber die vollen 80 Minuten war es aber eine gerechte Punkteteilung.<\/p>\n<p>Unsere volle Konzentration gilt nun dem Ausw\u00e4rtsspiel gegen Mitaufsteiger JFV Cloppenburg II am 15.10. um 15 Uhr. Hier wollen wir an unsere Leistung ankn\u00fcpfen und uns die n\u00e4chsten drei Punkte krallen.<\/p>\n<p>Aufstellung: \u00a0\u00a0\u00a0\u00a0\u00a0\u00a0\u00a0\u00a0\u00a0\u00a0\u00a0\u00a0\u00a0\u00a0\u00a0\u00a0\u00a0\u00a0\u00a0\u00a0\u00a0\u00a0\u00a0\u00a0\u00a0\u00a0\u00a0\u00a0\u00a0\u00a0\u00a0\u00a0\u00a0\u00a0\u00a0\u00a0\u00a0\u00a0\u00a0\u00a0\u00a0\u00a0\u00a0\u00a0\u00a0\u00a0\u00a0\u00a0\u00a0\u00a0\u00a0\u00a0 M. Sonnen<\/p>\n<ol>\n<li>Brokamp N. Kramer\u00a0\u00a0\u00a0\u00a0\u00a0\u00a0\u00a0\u00a0\u00a0\u00a0 M. Otte\u00a0\u00a0\u00a0\u00a0\u00a0\u00a0\u00a0\u00a0\u00a0\u00a0\u00a0\u00a0\u00a0\u00a0\u00a0\u00a0\u00a0\u00a0\u00a0\u00a0\u00a0\u00a0\u00a0\u00a0\u00a0\u00a0\u00a0\u00a0\u00a0\u00a0 V. Chifan<\/li>\n<li>Fischer M. Glandorf<\/li>\n<li>Hodde B. Olberding\u00a0\u00a0\u00a0\u00a0\u00a0\u00a0\u00a0\u00a0\u00a0\u00a0\u00a0\u00a0\u00a0\u00a0\u00a0\u00a0\u00a0\u00a0\u00a0\u00a0\u00a0 H. Nordmann<\/li>\n<li>Kreinest<\/li>\n<\/ol>\n<p>Bank: T. Neteler, G. Albers<\/p>\n<p>\u00a0<\/p>\n<p>Tore: \u00a0\u00a0\u00a0 1:0 Glandorf (Kreinest)<\/p>\n<p>\u00a0\u00a0\u00a0\u00a0\u00a0\u00a0\u00a0\u00a0\u00a0\u00a0\u00a0\u00a0\u00a0\u00a0\u00a0 1:1<\/p>\n<p>Coach P.<\/p>\n\n\n","protected":false},"excerpt":{"rendered":"<p>SW Osterfeine \u2013 GW Brockdorf 1:1 Wer h\u00e4tte vor Beginn der Saison gedacht, dass wir am 6. Spieltag der B-Jugend Bezirksliga eine Art Spitzenspiel gegen GW Brockdorf austragen w\u00fcrden? Der Tabellenvierte (SW Osterfeine) empfing den aktuellen Spitzenreiter aus der erweiterten Nachbarschaft. Bereits vor Spielbeginn gab es die erste positive Nachricht zu vermelden. Nach ca. dreimonatigem [&hellip;]<\/p>\n","protected":false},"author":3,"featured_media":0,"comment_status":"closed","ping_status":"closed","sticky":false,"template":"","format":"standard","meta":{"footnotes":""},"categories":[3],"tags":[],"_links":{"self":[{"href":"https:\/\/sw-osterfeine.de\/index.php?rest_route=\/wp\/v2\/posts\/30885"}],"collection":[{"href":"https:\/\/sw-osterfeine.de\/index.php?rest_route=\/wp\/v2\/posts"}],"about":[{"href":"https:\/\/sw-osterfeine.de\/index.php?rest_route=\/wp\/v2\/types\/post"}],"author":[{"embeddable":true,"href":"https:\/\/sw-osterfeine.de\/index.php?rest_route=\/wp\/v2\/users\/3"}],"replies":[{"embeddable":true,"href":"https:\/\/sw-osterfeine.de\/index.php?rest_route=%2Fwp%2Fv2%2Fcomments&post=30885"}],"version-history":[{"count":1,"href":"https:\/\/sw-osterfeine.de\/index.php?rest_route=\/wp\/v2\/posts\/30885\/revisions"}],"predecessor-version":[{"id":30886,"href":"https:\/\/sw-osterfeine.de\/index.php?rest_route=\/wp\/v2\/posts\/30885\/revisions\/30886"}],"wp:attachment":[{"href":"https:\/\/sw-osterfeine.de\/index.php?rest_route=%2Fwp%2Fv2%2Fmedia&parent=30885"}],"wp:term":[{"taxonomy":"category","embeddable":true,"href":"https:\/\/sw-osterfeine.de\/index.php?rest_route=%2Fwp%2Fv2%2Fcategories&post=30885"},{"taxonomy":"post_tag","embeddable":true,"href":"https:\/\/sw-osterfeine.de\/index.php?rest_route=%2Fwp%2Fv2%2Ftags&post=30885"}],"curies":[{"name":"wp","href":"https:\/\/api.w.org\/{rel}","templated":true}]}}