{"id":30889,"date":"2022-10-17T13:54:27","date_gmt":"2022-10-17T11:54:27","guid":{"rendered":"https:\/\/sw-osterfeine.de\/?p=30889"},"modified":"2022-10-17T13:56:51","modified_gmt":"2022-10-17T11:56:51","slug":"b-ii-jugend-im-schongang","status":"publish","type":"post","link":"https:\/\/sw-osterfeine.de\/?p=30889","title":{"rendered":"B-II-Jugend im Schongang\u2026.."},"content":{"rendered":"\n<p><strong>War bei der letzten Stadionzeitung noch von einer vollen Woche die Sprache, hatte unsere B-II-Jugend nun deutlich ruhigere 2 Wochen.<\/strong><\/p>\n<p><strong>Ruhig lie\u00dfen es die Jungs schon beim D\u00fcmmerlauf angehen und genossen das gemeinsame Auslaufen am Deich und anschlie\u00dfend das Zusammensein bei einer Pommes oder einem Eis. Nur unser Mittelfeldmotor hatte seinen Akku noch nicht leer. Matthes Joachimmeyer gab nochmal richtig Gas und errang einen ausgezeichneten 2. Platz beim Kinderlauf!!<\/strong><\/p>\n<p><strong>Weiter ging es mit einer normalen Trainingswoche und einem spielfreien Wochenende. Am letzten Donnerstag wollten unsere Jungs dann im Heimspiel gegen die Spielgemeinschaft SV Handorf-Langenberg\/SV Holdorf\/TV Dinklage II den letzten Schritt zur OM-Liga Qualifikation bestreiten, doch bereits vor dem morgendlichen Aufstehen hatten unsere Jungs das Ziel erreicht. Der Gast aus HoLaDi trat nicht zum Spiel an und verzichtete auf einen anderen Ersatztermin. So gingen die Punkte ohne sportliche Bet\u00e4tigung nach Osterfeine und die Quali war geschafft. Doch viel lieber h\u00e4tten unsere Jungs auf dem Rasen ein Spiel bestritten, sind doch eh nur 9!!!! Mannschaften in der Kreisliga!!!! aktiv. So blieben entt\u00e4uschte Jungs am Donnerstag zur\u00fcck. Nun wartet nur noch ein Punktspiel beim Tabellenf\u00fchrer Ende des Monats auf unsere Mannschaft. Mit viel Training und einigen Freundschaftsspielen versuchen wir auch in den n\u00e4chsten Monaten ein abwechslungsreiches Programm f\u00fcr die Jungs auf die Beine zu stellen. Regelm\u00e4\u00dfig beim Training mit dabei sind mittlerweile unsere beiden ukrainischen Sportsfreunde David und Taras, die unsere Trainer und auch Spieler vor manche sprachliche Herausforderung stellen, aber mit vereinten Kr\u00e4ften, H\u00e4nden und F\u00fc\u00dfen kriegen wir das locker hin. Danke \u00fcbrigens den Sportlern, die uns mit Sportsachen f\u00fcr die Jungs geholfen haben. Wie die Mannschaft nun die Zeit vor der erstmaligen Sportlerballteilnahme angeht? Wir werden dar\u00fcber berichten\u2026\u2026<\/strong><\/p>\n<p><a href=\"https:\/\/sw-osterfeine.de\/wp-content\/uploads\/2022\/10\/IMG-20221017-WA0000.jpg\" data-rel=\"lightbox-image-0\" data-rl_title=\"\" data-rl_caption=\"\" title=\"\"><img loading=\"lazy\" decoding=\"async\" class=\"alignleft size-full wp-image-30890\" src=\"https:\/\/sw-osterfeine.de\/wp-content\/uploads\/2022\/10\/IMG-20221017-WA0000.jpg\" alt=\"\" width=\"768\" height=\"1024\" srcset=\"https:\/\/sw-osterfeine.de\/wp-content\/uploads\/2022\/10\/IMG-20221017-WA0000.jpg 768w, https:\/\/sw-osterfeine.de\/wp-content\/uploads\/2022\/10\/IMG-20221017-WA0000-225x300.jpg 225w\" sizes=\"(max-width: 768px) 100vw, 768px\" \/><\/a><\/p>\n","protected":false},"excerpt":{"rendered":"<p>War bei der letzten Stadionzeitung noch von einer vollen Woche die Sprache, hatte unsere B-II-Jugend nun deutlich ruhigere 2 Wochen. Ruhig lie\u00dfen es die Jungs schon beim D\u00fcmmerlauf angehen und genossen das gemeinsame Auslaufen am Deich und anschlie\u00dfend das Zusammensein bei einer Pommes oder einem Eis. Nur unser Mittelfeldmotor hatte seinen Akku noch nicht leer. [&hellip;]<\/p>\n","protected":false},"author":3,"featured_media":0,"comment_status":"closed","ping_status":"closed","sticky":false,"template":"","format":"standard","meta":{"footnotes":""},"categories":[3],"tags":[],"_links":{"self":[{"href":"https:\/\/sw-osterfeine.de\/index.php?rest_route=\/wp\/v2\/posts\/30889"}],"collection":[{"href":"https:\/\/sw-osterfeine.de\/index.php?rest_route=\/wp\/v2\/posts"}],"about":[{"href":"https:\/\/sw-osterfeine.de\/index.php?rest_route=\/wp\/v2\/types\/post"}],"author":[{"embeddable":true,"href":"https:\/\/sw-osterfeine.de\/index.php?rest_route=\/wp\/v2\/users\/3"}],"replies":[{"embeddable":true,"href":"https:\/\/sw-osterfeine.de\/index.php?rest_route=%2Fwp%2Fv2%2Fcomments&post=30889"}],"version-history":[{"count":1,"href":"https:\/\/sw-osterfeine.de\/index.php?rest_route=\/wp\/v2\/posts\/30889\/revisions"}],"predecessor-version":[{"id":30891,"href":"https:\/\/sw-osterfeine.de\/index.php?rest_route=\/wp\/v2\/posts\/30889\/revisions\/30891"}],"wp:attachment":[{"href":"https:\/\/sw-osterfeine.de\/index.php?rest_route=%2Fwp%2Fv2%2Fmedia&parent=30889"}],"wp:term":[{"taxonomy":"category","embeddable":true,"href":"https:\/\/sw-osterfeine.de\/index.php?rest_route=%2Fwp%2Fv2%2Fcategories&post=30889"},{"taxonomy":"post_tag","embeddable":true,"href":"https:\/\/sw-osterfeine.de\/index.php?rest_route=%2Fwp%2Fv2%2Ftags&post=30889"}],"curies":[{"name":"wp","href":"https:\/\/api.w.org\/{rel}","templated":true}]}}