{"id":31548,"date":"2022-11-25T13:13:59","date_gmt":"2022-11-25T12:13:59","guid":{"rendered":"https:\/\/sw-osterfeine.de\/?p=31548"},"modified":"2022-11-25T13:13:59","modified_gmt":"2022-11-25T12:13:59","slug":"sw-aktuell-zum-stadt-derby-gegen-rw-damme-am-27-11-22-14-uhr","status":"publish","type":"post","link":"https:\/\/sw-osterfeine.de\/?p=31548","title":{"rendered":"SW Aktuell zum STADT-DERBY gegen RW Damme am 27.11.22 (14 Uhr)"},"content":{"rendered":"\n\n\n<p>\u00a0<\/p>\n<p>Am Sonntag um 14 Uhr ist es endlich wieder soweit, dass wir RW Damme zum Bezirksliga-Stadt-Derby begr\u00fc\u00dfen d\u00fcrfen.<\/p>\n<p>Wir ben\u00f6tigen dringend weitere Punkte gegen den Abstieg. Liebe OSV-Fans, kn\u00fcpft an die tolle Unterst\u00fctzung in Langf\u00f6rden an und helft unserer Mannschaft in diesem schweren Spiel!!<\/p>\n<p>Nachfolgend zur Einstimmung auf das Derby die entsprechende Stadion-Zeitung &#8222;SW Aktuell&#8220;:<\/p>\n<p>\u00a0<\/p>\n<p><a href=\"https:\/\/sw-osterfeine.de\/wp-content\/uploads\/2022\/11\/Stadionzeitung-RW-Damme.pdf\">Stadionzeitung RW Damme<\/a><\/p>\n<p>\u00a0<\/p>\n<p>\u00a0<\/p>\n<p>\u00a0<\/p>\n<p>\u00a0<\/p>\n","protected":false},"excerpt":{"rendered":"<p>\u00a0 Am Sonntag um 14 Uhr ist es endlich wieder soweit, dass wir RW Damme zum Bezirksliga-Stadt-Derby begr\u00fc\u00dfen d\u00fcrfen. Wir ben\u00f6tigen dringend weitere Punkte gegen den Abstieg. Liebe OSV-Fans, kn\u00fcpft an die tolle Unterst\u00fctzung in Langf\u00f6rden an und helft unserer Mannschaft in diesem schweren Spiel!! Nachfolgend zur Einstimmung auf das Derby die entsprechende Stadion-Zeitung &#8222;SW [&hellip;]<\/p>\n","protected":false},"author":3,"featured_media":0,"comment_status":"closed","ping_status":"closed","sticky":false,"template":"","format":"standard","meta":{"footnotes":""},"categories":[3],"tags":[],"_links":{"self":[{"href":"https:\/\/sw-osterfeine.de\/index.php?rest_route=\/wp\/v2\/posts\/31548"}],"collection":[{"href":"https:\/\/sw-osterfeine.de\/index.php?rest_route=\/wp\/v2\/posts"}],"about":[{"href":"https:\/\/sw-osterfeine.de\/index.php?rest_route=\/wp\/v2\/types\/post"}],"author":[{"embeddable":true,"href":"https:\/\/sw-osterfeine.de\/index.php?rest_route=\/wp\/v2\/users\/3"}],"replies":[{"embeddable":true,"href":"https:\/\/sw-osterfeine.de\/index.php?rest_route=%2Fwp%2Fv2%2Fcomments&post=31548"}],"version-history":[{"count":1,"href":"https:\/\/sw-osterfeine.de\/index.php?rest_route=\/wp\/v2\/posts\/31548\/revisions"}],"predecessor-version":[{"id":31550,"href":"https:\/\/sw-osterfeine.de\/index.php?rest_route=\/wp\/v2\/posts\/31548\/revisions\/31550"}],"wp:attachment":[{"href":"https:\/\/sw-osterfeine.de\/index.php?rest_route=%2Fwp%2Fv2%2Fmedia&parent=31548"}],"wp:term":[{"taxonomy":"category","embeddable":true,"href":"https:\/\/sw-osterfeine.de\/index.php?rest_route=%2Fwp%2Fv2%2Fcategories&post=31548"},{"taxonomy":"post_tag","embeddable":true,"href":"https:\/\/sw-osterfeine.de\/index.php?rest_route=%2Fwp%2Fv2%2Ftags&post=31548"}],"curies":[{"name":"wp","href":"https:\/\/api.w.org\/{rel}","templated":true}]}}