{"id":31680,"date":"2023-02-11T13:36:11","date_gmt":"2023-02-11T12:36:11","guid":{"rendered":"https:\/\/sw-osterfeine.de\/?p=31680"},"modified":"2023-02-11T13:38:30","modified_gmt":"2023-02-11T12:38:30","slug":"handball-1-damen-12","status":"publish","type":"post","link":"https:\/\/sw-osterfeine.de\/?p=31680","title":{"rendered":"Handball 1. Damen"},"content":{"rendered":"\n\n\n<p>+++ Aufholjagd bringt die n\u00e4chsten Punkte +++<br \/>Am vergangen Samstag waren wir zu Gast in Osnabr\u00fcck. <a href=\"https:\/\/www.instagram.com\/explore\/tags\/spitzenspiel\/\">#spitzenspiel<\/a> <br \/>Das Spiel begann ausgeglichen und keiner konnte sich eine sichere F\u00fchrung erspielen. Der HSG gelang es dann jedoch, sich zwischenzeitlich auf 6 Tore abzusetzen. \ud83e\udee2<br \/>Daraufhin stellten wir unsere Abwehr um und nahmen die Spielmacherin in Manndeckung. Die Umstellung trug Fr\u00fcchte, wir packten hinten mehr zu und durch schnelle Gegensto\u00dftore konnten wir den Abstand verringern (Halbzeitstand 16:14). \ud83d\udcaa\ud83c\udffc<br \/>Uns war klar, dass wir dieses Spiel noch drehen k\u00f6nnen und mit dieser Einstellung spielten wir in der zweiten H\u00e4lfte weiter. Wir k\u00e4mpften uns an ein Gleichstand ran und dann wurde es zum Schlagabtausch. In der Abwehr eroberten wir viele B\u00e4lle und auch Lauri machte ein klasse Spiel und zeigte viele sch\u00f6ne Paraden. Im Angriff versuchten wir in jede L\u00fccke reinzuziehen und haben uns mit Toren belohnt. Wir konnten also den Spielstand drehen und waren 5 Minuten vor Schluss sogar mit einem Vorsprung von 5 Tore davongezogen.<br \/>Am Ende gewannen wir verdient mit 30:33.\ud83e\udd73<br \/>Gute Besserung an Janine die sich am Knie verletzt hat. Wir hoffen die Bef\u00fcrchtungen bewahrheiten sich nicht!\ud83c\udf40\ud83e\udd1e\ud83c\udffc<br \/>Vielen Dank an Lauri und Karin f\u00fcrs aushelfen. Ihr wart der Hammer \ud83d\udd28\ud83e\udd29 und an unsere Fans f\u00fcr die Unterst\u00fctzung. \ud83e\udef6\ud83c\udffc<br \/>Dieses Wochenende haben wir spielfrei denn es ist endlich wieder Carneval in Damme\ud83c\udf8a mit dem Sieg l\u00e4sst es sich gleich besser feiern\ud83d\ude0e\ud83c\udf7b<br \/>Unser n\u00e4chstes Spiel findet am 24.02.2023 statt. Es hei\u00dft <a href=\"https:\/\/www.instagram.com\/explore\/tags\/derby\/\">#Derby<\/a> wir empfangen SV Falke Steinfeld um 20.30 Uhr. Wir freuen uns auf eure Unterst\u00fctzung \ud83d\udda4\ud83e\udd0d<br \/><br \/><\/p>\n<p>\u00a0<\/p>\n","protected":false},"excerpt":{"rendered":"<p>+++ Aufholjagd bringt die n\u00e4chsten Punkte +++Am vergangen Samstag waren wir zu Gast in Osnabr\u00fcck. #spitzenspiel Das Spiel begann ausgeglichen und keiner konnte sich eine sichere F\u00fchrung erspielen. Der HSG gelang es dann jedoch, sich zwischenzeitlich auf 6 Tore abzusetzen. \ud83e\udee2Daraufhin stellten wir unsere Abwehr um und nahmen die Spielmacherin in Manndeckung. Die Umstellung trug [&hellip;]<\/p>\n","protected":false},"author":3,"featured_media":0,"comment_status":"closed","ping_status":"closed","sticky":false,"template":"","format":"standard","meta":{"footnotes":""},"categories":[1],"tags":[],"_links":{"self":[{"href":"https:\/\/sw-osterfeine.de\/index.php?rest_route=\/wp\/v2\/posts\/31680"}],"collection":[{"href":"https:\/\/sw-osterfeine.de\/index.php?rest_route=\/wp\/v2\/posts"}],"about":[{"href":"https:\/\/sw-osterfeine.de\/index.php?rest_route=\/wp\/v2\/types\/post"}],"author":[{"embeddable":true,"href":"https:\/\/sw-osterfeine.de\/index.php?rest_route=\/wp\/v2\/users\/3"}],"replies":[{"embeddable":true,"href":"https:\/\/sw-osterfeine.de\/index.php?rest_route=%2Fwp%2Fv2%2Fcomments&post=31680"}],"version-history":[{"count":2,"href":"https:\/\/sw-osterfeine.de\/index.php?rest_route=\/wp\/v2\/posts\/31680\/revisions"}],"predecessor-version":[{"id":31682,"href":"https:\/\/sw-osterfeine.de\/index.php?rest_route=\/wp\/v2\/posts\/31680\/revisions\/31682"}],"wp:attachment":[{"href":"https:\/\/sw-osterfeine.de\/index.php?rest_route=%2Fwp%2Fv2%2Fmedia&parent=31680"}],"wp:term":[{"taxonomy":"category","embeddable":true,"href":"https:\/\/sw-osterfeine.de\/index.php?rest_route=%2Fwp%2Fv2%2Fcategories&post=31680"},{"taxonomy":"post_tag","embeddable":true,"href":"https:\/\/sw-osterfeine.de\/index.php?rest_route=%2Fwp%2Fv2%2Ftags&post=31680"}],"curies":[{"name":"wp","href":"https:\/\/api.w.org\/{rel}","templated":true}]}}