{"id":31703,"date":"2023-02-27T17:20:57","date_gmt":"2023-02-27T16:20:57","guid":{"rendered":"https:\/\/sw-osterfeine.de\/?p=31703"},"modified":"2023-02-27T17:20:57","modified_gmt":"2023-02-27T16:20:57","slug":"b-ii-jugend-mit-langer-winterpause","status":"publish","type":"post","link":"https:\/\/sw-osterfeine.de\/?p=31703","title":{"rendered":"B-II-Jugend mit langer Winterpause"},"content":{"rendered":"\n\n\n<p>\u00dcber 4 Monate liegt nun schon das letzte Punktspiel unserer B-II-Jugend Mannschaft zur\u00fcck. Ende Oktober konnte sich das ausschlie\u00dflich aus dem j\u00fcngeren Jahrgang bestehende Team f\u00fcr die sogenannte OM-Liga qualifizieren und trifft nun ab Mitte M\u00e4rz in einer einfachen Runde auf folgende Teams:<\/p>\n<p>JFV Nordkreis<\/p>\n<p>JSG Garrel\/Varrelbusch<\/p>\n<p>JSG Molbergen\/Peheim\/Ermke<\/p>\n<p>JSG Neuenkirchen\/V\u00f6rden<\/p>\n<p>JSG Rechterfeld\/Goldenstedt<\/p>\n<p>JSG Saterland<\/p>\n<p>SFN Vechta<\/p>\n<p>TSV Ganderkesee<\/p>\n<p>TUS Lutten<\/p>\n<p>TV Jahn Delmenhorst<\/p>\n<p>TUS Heidkrug<\/p>\n<p>Doch vorher galt es die lange Winterpause zu \u00fcberbr\u00fccken. Wie gewohnt trainierte die Mannschaft ohne Unterbrechung drau\u00dfen komplett durch. Es wurde Bekanntschaft mit Frostboden, Schnee, Regen, Matsch und Sturm gemacht, aber die Jungs zogen wunderbar durch. Doch auch f\u00fcr Abwechslung war in der Winterpause gesorgt:<\/p>\n<p>Auf dem Sportlerball wurde die Mannschaft gemeinsam mit den Jungs der B-I-Jugend zur Mannschaft des Jahres gew\u00e4hlt!!! Gelegentlich wurde in der Soccerhalle oder in der vereinseigenen\u00a0 OSV-Sporthalle gekickt. In Wildeshausen wurde der Permanenthunger der Jungs mit einem Steakweihnachtsessen kurzfristig gestillt. In Holdorf nahm die Mannschaft mit 2 Teams an einem Hallenturnier der Jugendspielgemeinschaft TV Dinklage\/SV Holdorf und SV Handorf-Langenberg statt und belegte die Pl\u00e4tze 2 und 3.<!--more--><\/p>\n<p>Anfang Februar begann nun die finale Vorbereitung auf die R\u00fcckrunde. Leider war und ist diese Vorbereitung doch etwas holprig durch viele Erk\u00e4ltungen oder anderen Erkrankungen, durch den erstmaligen Umzugsbesuch des Dammer Carnevals und durch die Verletzung von Jan-Bernd Putthoff, der uns erstmal f\u00fcr eine geraume Zeit nicht zur Verf\u00fcgung steht. Dabei ist Jan-Bernd nicht nur ein gro\u00dfer Leistungstr\u00e4ger unserer Mannschaft, sondern bei einem Kader von 13 Spielern wiegt dieser Ausfall extrem schwer. Gute Besserung Jan-Bernd. Am vergangenen Samstag gab es dann immerhin das 1. Vorbereitungsspiel gegen die Vereinigung Stemweder Berg II. Mit 7:1 konnte dieser Aufgalopp gewonnen werden, mit tatkr\u00e4ftiger Unterst\u00fctzung von Paul Kreinest und Mathis Herferth. Es war sch\u00f6n diese beiden Jungs mal wieder in der Mannschaft ihres Jahrganges zu beobachten. Danke f\u00fcr Eure Aushilfe. Nicht verwunderlich war sicherlich auch, dass Clemens Lapke mit 3 Toren entscheidend zum Sieg beitrug, wurde Clemens doch auch f\u00fcr den Februar f\u00fcr seine tollen Trainingsleistungen als Spieler des Monats ausgezeichnet. Eine au\u00dferordentliche Erw\u00e4hnung soll auch Jarle Enneking f\u00fcr seine enorme Leistungssteigerung in den letzten Monaten erfahren. Klasse Jarle!!<\/p>\n<p>Nun bleiben noch 14 Tage f\u00fcr den Rest der Vorbereitung. Vielleicht gelingt es in dieser Zeit noch Zuwachs oder Aushilfen f\u00fcr unsere Mannschaft zu finden? Wer Lust und Bock hat in einer ganz netten Mannschaft Fu\u00dfball zu spielen, melde sich bitte gerne bei den Trainern Frank B\u00f6ckmann, Hansi Lapke, J\u00fcrgen Jacob, Bubble oder bei den Spielern. Wir freuen uns auf Euch.<\/p>\n<p>Neben den letzten Trainingseinheiten geht es kommenden Samstag noch mit \u00a0der ganzen Truppe nach M\u00f6nchengladbach zum Bundesligaspiel gegen den SC Freiburg. Und dann kann es losgehen in eine Serie, wo jeder Punktgewinn eine Sensation w\u00e4re, aber die Jungs versuchen sicherlich ihr Bestes zu geben. Ferner wartet Ende April noch das Halbfinale im B-Jugendkreispokal bei Damme II auf unsere Mannschaft. Also, es ist viel zu tun in den n\u00e4chsten Wochen. Wie die Jungs dieses schwere Programm meistern????? Wir werden dar\u00fcber berichten\u2026\u2026 \u00a0<\/p>\n","protected":false},"excerpt":{"rendered":"<p>\u00dcber 4 Monate liegt nun schon das letzte Punktspiel unserer B-II-Jugend Mannschaft zur\u00fcck. Ende Oktober konnte sich das ausschlie\u00dflich aus dem j\u00fcngeren Jahrgang bestehende Team f\u00fcr die sogenannte OM-Liga qualifizieren und trifft nun ab Mitte M\u00e4rz in einer einfachen Runde auf folgende Teams: JFV Nordkreis JSG Garrel\/Varrelbusch JSG Molbergen\/Peheim\/Ermke JSG Neuenkirchen\/V\u00f6rden JSG Rechterfeld\/Goldenstedt JSG Saterland [&hellip;]<\/p>\n","protected":false},"author":3,"featured_media":0,"comment_status":"closed","ping_status":"closed","sticky":false,"template":"","format":"standard","meta":{"footnotes":""},"categories":[3],"tags":[],"_links":{"self":[{"href":"https:\/\/sw-osterfeine.de\/index.php?rest_route=\/wp\/v2\/posts\/31703"}],"collection":[{"href":"https:\/\/sw-osterfeine.de\/index.php?rest_route=\/wp\/v2\/posts"}],"about":[{"href":"https:\/\/sw-osterfeine.de\/index.php?rest_route=\/wp\/v2\/types\/post"}],"author":[{"embeddable":true,"href":"https:\/\/sw-osterfeine.de\/index.php?rest_route=\/wp\/v2\/users\/3"}],"replies":[{"embeddable":true,"href":"https:\/\/sw-osterfeine.de\/index.php?rest_route=%2Fwp%2Fv2%2Fcomments&post=31703"}],"version-history":[{"count":1,"href":"https:\/\/sw-osterfeine.de\/index.php?rest_route=\/wp\/v2\/posts\/31703\/revisions"}],"predecessor-version":[{"id":31704,"href":"https:\/\/sw-osterfeine.de\/index.php?rest_route=\/wp\/v2\/posts\/31703\/revisions\/31704"}],"wp:attachment":[{"href":"https:\/\/sw-osterfeine.de\/index.php?rest_route=%2Fwp%2Fv2%2Fmedia&parent=31703"}],"wp:term":[{"taxonomy":"category","embeddable":true,"href":"https:\/\/sw-osterfeine.de\/index.php?rest_route=%2Fwp%2Fv2%2Fcategories&post=31703"},{"taxonomy":"post_tag","embeddable":true,"href":"https:\/\/sw-osterfeine.de\/index.php?rest_route=%2Fwp%2Fv2%2Ftags&post=31703"}],"curies":[{"name":"wp","href":"https:\/\/api.w.org\/{rel}","templated":true}]}}