{"id":31705,"date":"2023-03-01T15:29:30","date_gmt":"2023-03-01T14:29:30","guid":{"rendered":"https:\/\/sw-osterfeine.de\/?p=31705"},"modified":"2023-03-01T15:38:11","modified_gmt":"2023-03-01T14:38:11","slug":"g-jugendturnier-sw-osterfeine","status":"publish","type":"post","link":"https:\/\/sw-osterfeine.de\/?p=31705","title":{"rendered":"<strong>G-Jugendturnier SW Osterfeine<\/strong>"},"content":{"rendered":"\n<p>Am Samstag, den 25.02.23 lud die G-Jugend vom SWO zum Blitzturnier in die Osterfeiner Halle ein. Dies sollte als Vorbereitung f\u00fcr die Hallenrunde in den n\u00e4chsten Wochen genutzt werden. Hierzu kamen die Mannschaften aus Holdorf-Langenberg (1+2), TV Bohmte (1+2) und Neuenkirchen. Wir vom SWO stellten 3 Mannschaften des starken Jahrgangs 2016 ab.<\/p>\n<p>Nach einigen Torreichen, hart umk\u00e4mpften und teilweise sehr knappen Spielen, standen dann auch die Halbfinalisten fest. Der stark vertretene SV Holdorf Langenberg und der SWO stellten dann jeweils mit zwei Teams die Halbfinalisten. Hier setzten sich dann die G1 von Osterfeine im Elfmeterschie\u00dfen und die G1 von Holdorf gegen unsere G3 durch und trafen wie in der Vorrunde erneut aufeinander.In der Vorrunde hatte Holdorf noch mit 3:1 gewonnen\u2026das lief dann im Finale anders, wo unsere Mannschaft mit 3:2 gewonnen und somit als Turniersieger hervorgegangen ist.<\/p>\n<p>Die zahlreichen Besucher freuten sich \u00fcber einen neu versiegelten Hallenboden und wurden wie immer vom Team Petra in der hauseigenen Cafeteria kulinarisch bestens versorgt.Bei Mettbr\u00f6tchen, Brezeln und Kaffee wurden die kleinen Spieler und Trainer bejubelt.<!--more--><\/p>\n<p>Wie immer bekamen wir viel Unterst\u00fctzung aus den eigenen Reihen. So waren an der Hallenuhr, der Zeitnahme, der Spielleitung am Laptop sowie am Mikrofon einige Osterfeiner Jungs unter der Leitung von \u00d6tze B\u00f6ckmann besch\u00e4ftigt und garantierten einen Reibungslosen und souver\u00e4nen Turnierablauf. Auch in der Cafeteria waren stets flei\u00dfige Helfer vom Team Petra anzutreffen. Maxi Bergmann k\u00fcmmerte sich im Hintergrund um die sch\u00f6nen Pokale, die nachher in gl\u00fcckliche Kinderh\u00e4nde \u00fcberreicht worden sind.<\/p>\n<p>Von unserer Seite ein <strong>herzliches Dankesch\u00f6n an alle Helfer und Helferinnen<\/strong>, die den Kindern und Zuschauern einen wundersch\u00f6nen und sportlichen Vormittag dadurch erm\u00f6glicht haben.<\/p>\n<p>Die G-Jugend wird dann Mitte M\u00e4rz wieder auf den gr\u00fcnen Rasen zur\u00fcckkehren und versuchen die Herbstmeisterschaft bis zum Saisonende zu verteidigen.<\/p>\n\n\t\t<style type=\"text\/css\">\n\t\t\t#gallery-1 {\n\t\t\t\tmargin: auto;\n\t\t\t}\n\t\t\t#gallery-1 .gallery-item {\n\t\t\t\tfloat: left;\n\t\t\t\tmargin-top: 10px;\n\t\t\t\ttext-align: center;\n\t\t\t\twidth: 33%;\n\t\t\t}\n\t\t\t#gallery-1 img {\n\t\t\t\tborder: 2px solid #cfcfcf;\n\t\t\t}\n\t\t\t#gallery-1 .gallery-caption {\n\t\t\t\tmargin-left: 0;\n\t\t\t}\n\t\t\t\/* see gallery_shortcode() in wp-includes\/media.php *\/\n\t\t<\/style>\n\t\t<div id='gallery-1' class='gallery galleryid-31705 gallery-columns-3 gallery-size-thumbnail'><dl class='gallery-item'>\n\t\t\t<dt class='gallery-icon landscape'>\n\t\t\t\t<a href='https:\/\/sw-osterfeine.de\/wp-content\/uploads\/2023\/03\/G1-scaled.jpg' title=\"\" data-rl_title=\"\" class=\"rl-gallery-link\" data-rl_caption=\"\" data-rel=\"lightbox-gallery-1\"><img loading=\"lazy\" decoding=\"async\" width=\"150\" height=\"150\" src=\"https:\/\/sw-osterfeine.de\/wp-content\/uploads\/2023\/03\/G1-150x150.jpg\" class=\"attachment-thumbnail size-thumbnail\" alt=\"\" \/><\/a>\n\t\t\t<\/dt><\/dl><dl class='gallery-item'>\n\t\t\t<dt class='gallery-icon portrait'>\n\t\t\t\t<a href='https:\/\/sw-osterfeine.de\/wp-content\/uploads\/2023\/03\/G2-e1677680797706.jpg' title=\"\" data-rl_title=\"\" class=\"rl-gallery-link\" data-rl_caption=\"\" data-rel=\"lightbox-gallery-1\"><img loading=\"lazy\" decoding=\"async\" width=\"150\" height=\"150\" src=\"https:\/\/sw-osterfeine.de\/wp-content\/uploads\/2023\/03\/G2-e1677680797706-150x150.jpg\" class=\"attachment-thumbnail size-thumbnail\" alt=\"\" \/><\/a>\n\t\t\t<\/dt><\/dl><dl class='gallery-item'>\n\t\t\t<dt class='gallery-icon portrait'>\n\t\t\t\t<a href='https:\/\/sw-osterfeine.de\/wp-content\/uploads\/2023\/03\/G3-e1677680810642.jpg' title=\"\" data-rl_title=\"\" class=\"rl-gallery-link\" data-rl_caption=\"\" data-rel=\"lightbox-gallery-1\"><img loading=\"lazy\" decoding=\"async\" width=\"150\" height=\"150\" src=\"https:\/\/sw-osterfeine.de\/wp-content\/uploads\/2023\/03\/G3-e1677680810642-150x150.jpg\" class=\"attachment-thumbnail size-thumbnail\" alt=\"\" \/><\/a>\n\t\t\t<\/dt><\/dl><br style=\"clear: both\" \/><dl class='gallery-item'>\n\t\t\t<dt class='gallery-icon portrait'>\n\t\t\t\t<a href='https:\/\/sw-osterfeine.de\/wp-content\/uploads\/2023\/03\/G4-e1677680828140.jpg' title=\"\" data-rl_title=\"\" class=\"rl-gallery-link\" data-rl_caption=\"\" data-rel=\"lightbox-gallery-1\"><img loading=\"lazy\" decoding=\"async\" width=\"150\" height=\"150\" src=\"https:\/\/sw-osterfeine.de\/wp-content\/uploads\/2023\/03\/G4-e1677680828140-150x150.jpg\" class=\"attachment-thumbnail size-thumbnail\" alt=\"\" \/><\/a>\n\t\t\t<\/dt><\/dl><dl class='gallery-item'>\n\t\t\t<dt class='gallery-icon portrait'>\n\t\t\t\t<a href='https:\/\/sw-osterfeine.de\/wp-content\/uploads\/2023\/03\/G5-e1677680838577.jpg' title=\"\" data-rl_title=\"\" class=\"rl-gallery-link\" data-rl_caption=\"\" data-rel=\"lightbox-gallery-1\"><img loading=\"lazy\" decoding=\"async\" width=\"150\" height=\"150\" src=\"https:\/\/sw-osterfeine.de\/wp-content\/uploads\/2023\/03\/G5-e1677680838577-150x150.jpg\" class=\"attachment-thumbnail size-thumbnail\" alt=\"\" \/><\/a>\n\t\t\t<\/dt><\/dl>\n\t\t\t<br style='clear: both' \/>\n\t\t<\/div>\n\n<p>\u00a0<\/p>\n<p>\u00a0<\/p>\n","protected":false},"excerpt":{"rendered":"<p>Am Samstag, den 25.02.23 lud die G-Jugend vom SWO zum Blitzturnier in die Osterfeiner Halle ein. Dies sollte als Vorbereitung f\u00fcr die Hallenrunde in den n\u00e4chsten Wochen genutzt werden. Hierzu kamen die Mannschaften aus Holdorf-Langenberg (1+2), TV Bohmte (1+2) und Neuenkirchen. Wir vom SWO stellten 3 Mannschaften des starken Jahrgangs 2016 ab. Nach einigen Torreichen, [&hellip;]<\/p>\n","protected":false},"author":3,"featured_media":0,"comment_status":"closed","ping_status":"closed","sticky":false,"template":"","format":"standard","meta":{"footnotes":""},"categories":[3],"tags":[],"_links":{"self":[{"href":"https:\/\/sw-osterfeine.de\/index.php?rest_route=\/wp\/v2\/posts\/31705"}],"collection":[{"href":"https:\/\/sw-osterfeine.de\/index.php?rest_route=\/wp\/v2\/posts"}],"about":[{"href":"https:\/\/sw-osterfeine.de\/index.php?rest_route=\/wp\/v2\/types\/post"}],"author":[{"embeddable":true,"href":"https:\/\/sw-osterfeine.de\/index.php?rest_route=\/wp\/v2\/users\/3"}],"replies":[{"embeddable":true,"href":"https:\/\/sw-osterfeine.de\/index.php?rest_route=%2Fwp%2Fv2%2Fcomments&post=31705"}],"version-history":[{"count":3,"href":"https:\/\/sw-osterfeine.de\/index.php?rest_route=\/wp\/v2\/posts\/31705\/revisions"}],"predecessor-version":[{"id":31718,"href":"https:\/\/sw-osterfeine.de\/index.php?rest_route=\/wp\/v2\/posts\/31705\/revisions\/31718"}],"wp:attachment":[{"href":"https:\/\/sw-osterfeine.de\/index.php?rest_route=%2Fwp%2Fv2%2Fmedia&parent=31705"}],"wp:term":[{"taxonomy":"category","embeddable":true,"href":"https:\/\/sw-osterfeine.de\/index.php?rest_route=%2Fwp%2Fv2%2Fcategories&post=31705"},{"taxonomy":"post_tag","embeddable":true,"href":"https:\/\/sw-osterfeine.de\/index.php?rest_route=%2Fwp%2Fv2%2Ftags&post=31705"}],"curies":[{"name":"wp","href":"https:\/\/api.w.org\/{rel}","templated":true}]}}