{"id":31712,"date":"2023-03-01T15:33:43","date_gmt":"2023-03-01T14:33:43","guid":{"rendered":"https:\/\/sw-osterfeine.de\/?p=31712"},"modified":"2023-03-01T15:33:43","modified_gmt":"2023-03-01T14:33:43","slug":"1-damen-32","status":"publish","type":"post","link":"https:\/\/sw-osterfeine.de\/?p=31712","title":{"rendered":"1. Damen"},"content":{"rendered":"\n<p><strong>1te Damen<\/strong><\/p>\n<p><strong>07.01.2023 \u00a0\u00a0\u00a0\u00a0\u00a0\u00a0\u00a0\u00a0 SV SW Osterfeine \u00a0\u00a0\u00a0\u00a0\u00a0\u00a0\u00a0\u00a0 HSG Osnabr\u00fcck II\u00a0 \u00a0\u00a0\u00a0\u00a0\u00a0\u00a0\u00a0\u00a0\u00a0 \u00a0\u00a0\u00a0\u00a0\u00a0\u00a0\u00a0\u00a0\u00a0\u00a0\u00a0\u00a0\u00a0\u00a0\u00a0 23:22\u00a0 <\/strong><\/p>\n<p><strong>15.01.2023 \u00a0\u00a0\u00a0\u00a0\u00a0\u00a0\u00a0\u00a0 TSV Wallenhorst \u00a0\u00a0\u00a0\u00a0\u00a0\u00a0\u00a0\u00a0\u00a0\u00a0\u00a0 SV SW Osterfeine \u00a0\u00a0\u00a0\u00a0\u00a0\u00a0\u00a0\u00a0 \u00a0\u00a0\u00a0\u00a0\u00a0\u00a0\u00a0\u00a0\u00a0\u00a0\u00a0\u00a0\u00a0\u00a0\u00a0 31:31 \u00a0\u00a0\u00a0 \u00a0<\/strong><\/p>\n<p><strong>19.01.2023 \u00a0\u00a0\u00a0\u00a0\u00a0\u00a0\u00a0\u00a0 SV SW Osterfeine \u00a0\u00a0\u00a0\u00a0\u00a0\u00a0\u00a0\u00a0 TV Georgsmarienh\u00fctte \u00a0\u00a0\u00a0\u00a0\u00a0\u00a0\u00a0\u00a0\u00a0\u00a0\u00a0\u00a0\u00a0\u00a0 41:26 \u00a0\u00a0\u00a0 \u00a0<\/strong><\/p>\n<p><strong>22.01.2023\u00a0\u00a0\u00a0\u00a0\u00a0\u00a0\u00a0\u00a0\u00a0 TuS Bramsche \u00a0 \u00a0\u00a0\u00a0\u00a0\u00a0\u00a0\u00a0\u00a0\u00a0\u00a0\u00a0\u00a0\u00a0\u00a0\u00a0 SV SW Osterfeine \u00a0\u00a0\u00a0\u00a0\u00a0\u00a0\u00a0\u00a0 \u00a0\u00a0\u00a0\u00a0\u00a0\u00a0\u00a0\u00a0\u00a0\u00a0\u00a0\u00a0\u00a0\u00a0\u00a0 27:26 \u00a0\u00a0\u00a0 \u00a0<\/strong><\/p>\n<p><strong>04.02.2023 \u00a0\u00a0\u00a0\u00a0\u00a0\u00a0\u00a0\u00a0 HSG Osnabr\u00fcck II \u00a0\u00a0\u00a0\u00a0\u00a0\u00a0\u00a0\u00a0\u00a0\u00a0 SV SW Osterfeine \u00a0\u00a0\u00a0\u00a0\u00a0\u00a0\u00a0\u00a0 \u00a0\u00a0\u00a0\u00a0\u00a0\u00a0\u00a0\u00a0\u00a0\u00a0\u00a0\u00a0\u00a0\u00a0\u00a0 30:33\u00a0\u00a0\u00a0 \u00a0<\/strong><\/p>\n<p><strong>24.02.2023 \u00a0\u00a0\u00a0\u00a0\u00a0\u00a0\u00a0\u00a0 SV SW Osterfeine \u00a0\u00a0\u00a0\u00a0\u00a0\u00a0\u00a0\u00a0 SV Falke Steinfeld \u00a0\u00a0\u00a0\u00a0\u00a0\u00a0\u00a0\u00a0 \u00a0\u00a0\u00a0\u00a0\u00a0\u00a0\u00a0\u00a0\u00a0\u00a0\u00a0\u00a0\u00a0\u00a0\u00a0 29:22\u00a0\u00a0 \u00a0 \u00a0\u00a0\u00a0\u00a0\u00a0\u00a0\u00a0\u00a0\u00a0\u00a0\u00a0\u00a0\u00a0\u00a0\u00a0 \u00a0\u00a0<\/strong><\/p>\n<p><strong>\u00a0<\/strong><\/p>\n<p><strong>07.01 \u00a0\u00a0\u00a0\u00a0\u00a0\u00a0\u00a0\u00a0\u00a0\u00a0\u00a0\u00a0\u00a0\u00a0\u00a0\u00a0\u00a0\u00a0\u00a0 Klasse Start ins neue Jahr gegen den Spitzenreiter HSG Osnabr\u00fcck<\/strong><\/p>\n<p>Eine starke Leistung zeigten die Damen im Nachholspiel vom ersten Spieltag gegen den Spitzenreiter HSG Osnabr\u00fcck.<\/p>\n<p>Wir kamen gut ins Spiel und viele sch\u00f6ne Aktionen brachten uns schnell in F\u00fchrung. Jedoch blieb der Gegner uns dicht auf den Fersen. Zur Halbzeit stand es 13 : 10. In der Kabine haben wir besprochen, dass wir an unsere Leistung ankn\u00fcpfen m\u00fcssen und auf keinen Fall einbrechen d\u00fcrfen, damit wir die 2 Punkte zuhause behalten. Die zweite Halbzeit war genauso spannend wie die erste. Im Angriff vergaben wir einige gute Torchancen, sodass die HSG in der 45. Spielminute den Anschluss (18 : 17) geschafft hatte. Am Ende behielten wir den k\u00fchleren Kopf und gewannen das Spiel 23 : 22. Lobenswert ist die k\u00e4mpferische Abwehr im gesamten Spiel! <strong>\u00a0<\/strong><\/p>\n<p><strong>15.01. \u00a0\u00a0\u00a0\u00a0\u00a0\u00a0\u00a0\u00a0\u00a0\u00a0\u00a0\u00a0\u00a0\u00a0\u00a0\u00a0\u00a0 Punkteteilung in Wallenhorst<\/strong><\/p>\n<p>Zu Beginn gerieten wir schnell in einen R\u00fcckstand, jedoch konnten wir uns ran k\u00e4mpfen und den Spielstand drehen. Zwischenzeitlich haben wir uns einen 6 Tore Vorsprung aufgebaut. In den letzten 10 Minuten der ersten Halbzeit ist unsere Leistung dann allerdings eingebrochen. In der Abwehr konnten wir den R\u00fcckraum der Gegnerinnen nicht richtig verteidigen und im Angriff waren wir ideenlos. (Halbzeitstand 18 : 19)<br \/>In der Halbzeit wurde besprochen, dass wir unsere normale Leistung wieder abrufen m\u00fcssen, um die Punkte nach Hause zu bringen. <br \/>Jedoch lief die zweite Halbzeit genauso desastr\u00f6s weiter. Wir haben es leider nicht hinbekommen das Spiel unter Kontrolle zu bringen und somit wurde es ein Schlagabtausch zwischen den Mannschaften. Am Ende konnten wir zum Gl\u00fcck noch einen Punkt mit nach Osterfeine nehmen. ( Endstand 31 : 31)<!--more--><br \/><strong><br \/>19.01.\u00a0\u00a0\u00a0\u00a0\u00a0\u00a0\u00a0\u00a0\u00a0\u00a0\u00a0\u00a0\u00a0\u00a0\u00a0\u00a0\u00a0\u00a0 Klare Sache im Nachholspiel gegen Gm-H\u00fctte<\/strong><\/p>\n<p>Deutlich gewannen wir das Nachholspiel gegen TV Georgsmarienh\u00fctte mit 41:26.<br \/>Anfangs war das Spiel noch ausgeglichen, jedoch konnten wir uns schnell immer mehr vom Gegner absetzen. Im Vergleich zum letzten Spiel war unsere Leistung viel besser und konstanter. Unsere Abwehr stand gut und im Angriff konnten wir uns immer wieder durch sch\u00f6ne 1 gegen 1 Situationen durchsetzen. Somit stand es zur Halbzeit 24 : 14. <br \/>In der zweiten H\u00e4lfte kn\u00fcpften wir an unsere Leistung an, sodass auch viel gewechselt werden konnte. Au\u00dferdem konnte sich jede Spielerin in die Torsch\u00fctzenliste eintragen und auch unsere Torh\u00fcter zeigten klasse Paraden. \ud83d\udcaa\ud83c\udffc In dem Spiel verletzte sich Franzi nach einem Gesichtstreffer am Auge und wird uns deshalb in den n\u00e4chsten Wochen leider nicht unterst\u00fctzen k\u00f6nnen. <\/p>\n<p><strong>22.01. \u00a0\u00a0\u00a0\u00a0\u00a0\u00a0\u00a0\u00a0\u00a0\u00a0\u00a0\u00a0\u00a0\u00a0\u00a0\u00a0\u00a0 Niederlage in Bramsche <\/strong><\/p>\n<p>Eine sehr \u00e4rgerliche aber leider auch nicht unverdiente Niederlage mussten wir bei der 1. Damen von TuS Bramsche einstecken. <br \/>Anfangs kamen wir noch recht gut ins Spiel, doch konnten im gesamten Spiel nicht unsere beste Leistung abrufen. <br \/>Kurz gesagt, die Abstimmung in der Abwehr hat nicht gepasst, wir waren definitiv zu langsam in der R\u00fcckw\u00e4rtsbewegung sowie im Tempospiel und haben viele 100 % Chancen nicht genutzt. <br \/>Jetzt hei\u00dft es Kopf hoch und konzentriert auf das Spiel bei der HSG Osnabr\u00fcck vorbereiten.<\/p>\n<p><strong>04.02 \u00a0\u00a0\u00a0\u00a0\u00a0\u00a0\u00a0\u00a0\u00a0\u00a0\u00a0\u00a0\u00a0\u00a0\u00a0\u00a0\u00a0\u00a0\u00a0 Spitzenspiel bei der HSG Osnabr\u00fcck<\/strong><\/p>\n<p>Im Spitzenspiel fehlten uns Franzi (Verletzung aus dem Spiel gegen Gm-h\u00fctte) sowie Steffi und Hannah K., daf\u00fcr unterst\u00fctzten uns Lauri und Karin Bremer.\u00a0<\/p>\n<p>Das Spiel begann ausgeglichen und keiner konnte sich eine sichere F\u00fchrung erspielen. In der Folge gelang es der HSG sich zwischenzeitlich auf 6 Tore abzusetzen. <br \/>Daraufhin stellten wir unsere Abwehr um und nahmen die Spielmacherin in Manndeckung. Die Umstellung trug Fr\u00fcchte, wir packten hinten mehr zu und durch schnelle Gegensto\u00df Tore konnten wir den Abstand verringern (Halbzeitstand 16 : 14). \ud83d\udcaa\ud83c\udffc<br \/>Uns war klar, dass wir dieses Spiel noch drehen k\u00f6nnen und mit dieser Einstellung spielten wir in der zweiten H\u00e4lfte weiter. Wir k\u00e4mpften uns an einen Gleichstand ran und dann wurde es zum Schlagabtausch. In der Abwehr eroberten wir viele B\u00e4lle und auch Lauri machte ein klasse Spiel und zeigte viele sch\u00f6ne Paraden. Im Angriff versuchten wir in jede L\u00fccke reinzuziehen und haben uns mit Toren belohnt. Wir konnten also den Spielstand drehen und waren 5 Minuten vor Schluss sogar mit einem Vorsprung von 5 Tore davongezogen.<br \/>Am Ende gewannen wir verdient mit 30 : 33.<strong><br \/><br \/>24.02. \u00a0\u00a0\u00a0\u00a0\u00a0\u00a0\u00a0\u00a0\u00a0\u00a0\u00a0\u00a0\u00a0\u00a0\u00a0\u00a0\u00a0 Derby gegen Falke Steinfeld<\/strong><\/p>\n<p>Eine souver\u00e4ne Leistung zeigte die Damen im Derby gegen Falke Steinfeld.<\/p>\n<p>Wir starteten nerv\u00f6s ins Spiel, was sich im Spielstand der ersten Minuten spiegelte. Nach einer Viertelstunde stand es 8 : 8. Die G\u00e4ste nahmen eine Auszeit und ab dem Zeitpunkt gaben wir das Spiel nicht mehr aus den H\u00e4nden. Im Angriff klappten viele Spielz\u00fcge und viele Einzelaktionen. Die Abwehr stand gut und bei den Torabschl\u00fcssen der Steinfelderinnen hat Franzi uns starken R\u00fcckhalt gegeben. Franzi stand nach ihrer Verletzungspause das erste Mal wieder im Tor und zeigte viele sch\u00f6ne Paraden. In der Halbzeit wurde besprochen, dass wir auf keinen Fall einbrechen d\u00fcrfen. Beim Hinspiel haben wir zur Halbzeit ebenfalls gef\u00fchrt, konnten aber nur 1 Punkt mitnehmen. Da wir vom Hinspiel also noch \u201eeine Rechnung\u201c offen hatten, wollten wir diesmal unbedingt beide Punkte holen. Diese Umsetzung ist uns gl\u00fccklicherweise gelungen. Zwischenzeitlich haben wir sogar mit 10 Toren gef\u00fchrt, aber Steinfeld konnte den Abstand noch verringern. Am Ende gewannen wir verdient mit\u00a0\u00a0 \u00a029 : 22 (Halbezeitstand 15 : 10).<\/p>\n<p><strong>Am Sonntag 05.03. geht es um 16:00 Uhr zum TV Dinklage II. Der TVD ist sehr Heimstark, was die Siege gegen BW Lohne und der HSG Osnabr\u00fcck zeigen. <\/strong><\/p>\n<p><strong>Die Mannschaft w\u00fcrde sich freuen, wenn sie wieder lautstark unterst\u00fctzt wird.<\/strong><\/p>\n<p>\u00a0<\/p>\n<p><strong>\u00a0<\/strong><\/p>\n","protected":false},"excerpt":{"rendered":"<p>1te Damen 07.01.2023 \u00a0\u00a0\u00a0\u00a0\u00a0\u00a0\u00a0\u00a0 SV SW Osterfeine \u00a0\u00a0\u00a0\u00a0\u00a0\u00a0\u00a0\u00a0 HSG Osnabr\u00fcck II\u00a0 \u00a0\u00a0\u00a0\u00a0\u00a0\u00a0\u00a0\u00a0\u00a0 \u00a0\u00a0\u00a0\u00a0\u00a0\u00a0\u00a0\u00a0\u00a0\u00a0\u00a0\u00a0\u00a0\u00a0\u00a0 23:22\u00a0 15.01.2023 \u00a0\u00a0\u00a0\u00a0\u00a0\u00a0\u00a0\u00a0 TSV Wallenhorst \u00a0\u00a0\u00a0\u00a0\u00a0\u00a0\u00a0\u00a0\u00a0\u00a0\u00a0 SV SW Osterfeine \u00a0\u00a0\u00a0\u00a0\u00a0\u00a0\u00a0\u00a0 \u00a0\u00a0\u00a0\u00a0\u00a0\u00a0\u00a0\u00a0\u00a0\u00a0\u00a0\u00a0\u00a0\u00a0\u00a0 31:31 \u00a0\u00a0\u00a0 \u00a0 19.01.2023 \u00a0\u00a0\u00a0\u00a0\u00a0\u00a0\u00a0\u00a0 SV SW Osterfeine \u00a0\u00a0\u00a0\u00a0\u00a0\u00a0\u00a0\u00a0 TV Georgsmarienh\u00fctte \u00a0\u00a0\u00a0\u00a0\u00a0\u00a0\u00a0\u00a0\u00a0\u00a0\u00a0\u00a0\u00a0\u00a0 41:26 \u00a0\u00a0\u00a0 \u00a0 22.01.2023\u00a0\u00a0\u00a0\u00a0\u00a0\u00a0\u00a0\u00a0\u00a0 TuS Bramsche \u00a0 \u00a0\u00a0\u00a0\u00a0\u00a0\u00a0\u00a0\u00a0\u00a0\u00a0\u00a0\u00a0\u00a0\u00a0\u00a0 SV SW Osterfeine \u00a0\u00a0\u00a0\u00a0\u00a0\u00a0\u00a0\u00a0 \u00a0\u00a0\u00a0\u00a0\u00a0\u00a0\u00a0\u00a0\u00a0\u00a0\u00a0\u00a0\u00a0\u00a0\u00a0 27:26 \u00a0\u00a0\u00a0 \u00a0 04.02.2023 \u00a0\u00a0\u00a0\u00a0\u00a0\u00a0\u00a0\u00a0 HSG [&hellip;]<\/p>\n","protected":false},"author":3,"featured_media":0,"comment_status":"closed","ping_status":"closed","sticky":false,"template":"","format":"standard","meta":{"footnotes":""},"categories":[1],"tags":[],"_links":{"self":[{"href":"https:\/\/sw-osterfeine.de\/index.php?rest_route=\/wp\/v2\/posts\/31712"}],"collection":[{"href":"https:\/\/sw-osterfeine.de\/index.php?rest_route=\/wp\/v2\/posts"}],"about":[{"href":"https:\/\/sw-osterfeine.de\/index.php?rest_route=\/wp\/v2\/types\/post"}],"author":[{"embeddable":true,"href":"https:\/\/sw-osterfeine.de\/index.php?rest_route=\/wp\/v2\/users\/3"}],"replies":[{"embeddable":true,"href":"https:\/\/sw-osterfeine.de\/index.php?rest_route=%2Fwp%2Fv2%2Fcomments&post=31712"}],"version-history":[{"count":1,"href":"https:\/\/sw-osterfeine.de\/index.php?rest_route=\/wp\/v2\/posts\/31712\/revisions"}],"predecessor-version":[{"id":31713,"href":"https:\/\/sw-osterfeine.de\/index.php?rest_route=\/wp\/v2\/posts\/31712\/revisions\/31713"}],"wp:attachment":[{"href":"https:\/\/sw-osterfeine.de\/index.php?rest_route=%2Fwp%2Fv2%2Fmedia&parent=31712"}],"wp:term":[{"taxonomy":"category","embeddable":true,"href":"https:\/\/sw-osterfeine.de\/index.php?rest_route=%2Fwp%2Fv2%2Fcategories&post=31712"},{"taxonomy":"post_tag","embeddable":true,"href":"https:\/\/sw-osterfeine.de\/index.php?rest_route=%2Fwp%2Fv2%2Ftags&post=31712"}],"curies":[{"name":"wp","href":"https:\/\/api.w.org\/{rel}","templated":true}]}}