{"id":31795,"date":"2023-03-22T17:05:41","date_gmt":"2023-03-22T16:05:41","guid":{"rendered":"https:\/\/sw-osterfeine.de\/?p=31795"},"modified":"2023-03-22T17:07:33","modified_gmt":"2023-03-22T16:07:33","slug":"1-e-jugend-handball-2","status":"publish","type":"post","link":"https:\/\/sw-osterfeine.de\/?p=31795","title":{"rendered":"1. E-Jugend Handball"},"content":{"rendered":"\n<p>Wir haben nun unser drittes Punktspiel in der R\u00fcckrunde bestritten und alle Spiele wurden mit Bravour gemeistert.Beim ersten Spiel in der R\u00fcckrunde waren wir zu Gast bei der Mannschaft von GW M\u00fchlen. In den ersten paar Minuten musste sich die Mannschaft erst Sammeln und orientieren, aber nach diesen Minuten wurde Vollgas gegeben. Zur Halbzeit stand es schon 04:13. Auch in der zweiten Halbzeit wurde mit einem sehr hohen Tempo weitergespielt, es wurden Tempogegenst\u00f6\u00dfe gelaufen und im Angriff wurde die Abwehr ausgespielt. Wir konnten das Spiel mit einem Endergebnis von 5:22 abschlie\u00dfen.<\/p>\n<p>Eine Woche sp\u00e4ter in unserer Trainingszeit am Dienstag den 14.03.2023 haben wir die Mannschaft vom SV Falke Steinfeld empfangen. Auch in diesem Spiel zeigte unsere Mannschaft, wer der Herr in der Halle ist. Ab der ersten Minute, waren unsere Spieler hellwach und brachten den Ball \u00fcber schnelle P\u00e4sse nach vorne zum Gegnerischen Tor. Zur Halbzeit f\u00fchrten wir 7:1. In der zweiten Halbzeit wurden Fehler aus der ersten Halbzeit ausgebessert und wir beendeten dieses Spiel mit einem Endergebnis von 18:2.<!--more--><\/p>\n<p>Letzten Sonntag am 19.03.2023 waren wir beim TV Bohmte zu Gast. Unsere Spieler waren bei diesem Spiel besonders motiviert alles zu geben und auch dieses Spiel zu gewinnen. Direkt von Beginn an war unsere Mannschaft zu 100% im Spiel\u00a0 und so gingen wir auch fr\u00fch in F\u00fchrung. Vorne spielten wir die Gegnerische Abwehr durch schnelle P\u00e4sse und Bewegungen aus und hinten in der Abwehr wurden die Angreifer sofort fest gemacht und der Ball gesichert. Mit einer super Torh\u00fcterleistung und einem gehaltenen Penalty gingen wir in die Halbzeitpause mit einem Ergebnis von 7:12 f\u00fcr uns. In der zweiten Halbzeit wurde das Tempo hochgehalten und noch besser zugepackt in der Abwehr. Der Ball wurde schnell nach vorne gebracht und aufs Tor wurde noch bewusster und gezielter geworfen. TV Bohmte war ein sehr anspruchsvoller Gegner aber wir haben uns durchgesetzt und konnten auch dieses Spiel mit einem Top Ergebnis von 12:23 abschlie\u00dfen.<\/p>\n<p>Am 15.03.2023 um 11Uhr hei\u00dft es SW Osterfeine gegen SV Holdorf. Dies ist das letzte Heimspiel in dieser Saison.<\/p>\n<p>Wir als Trainer k\u00f6nnen nur sagen wie Stolz wir auf unsere Mannschaft sind. Sie haben in allen Spielen einen super Zusammenhalt gezeigt, sind mit einer Motivation auf dem Spielfeld und zeigen uns bei jedem Spiel wie viel Spa\u00df Sie dabei haben.<\/p>\n<p>Vielen Dank f\u00fcr die zahlreichen Zuschauer, die uns bei den Spielen unterst\u00fctzt haben.<\/p>\n<p>Mit sportlichem Gru\u00df<\/p>\n<p>Bianca und Rieke<\/p>\n<p><a href=\"https:\/\/sw-osterfeine.de\/wp-content\/uploads\/2023\/03\/E-Jugend.jpg\" data-rel=\"lightbox-image-0\" data-rl_title=\"\" data-rl_caption=\"\" title=\"\"><img loading=\"lazy\" decoding=\"async\" class=\"alignleft size-large wp-image-31796\" src=\"https:\/\/sw-osterfeine.de\/wp-content\/uploads\/2023\/03\/E-Jugend-1024x768.jpg\" alt=\"\" width=\"1024\" height=\"768\" srcset=\"https:\/\/sw-osterfeine.de\/wp-content\/uploads\/2023\/03\/E-Jugend-1024x768.jpg 1024w, https:\/\/sw-osterfeine.de\/wp-content\/uploads\/2023\/03\/E-Jugend-300x225.jpg 300w, https:\/\/sw-osterfeine.de\/wp-content\/uploads\/2023\/03\/E-Jugend-768x576.jpg 768w, https:\/\/sw-osterfeine.de\/wp-content\/uploads\/2023\/03\/E-Jugend-1536x1153.jpg 1536w, https:\/\/sw-osterfeine.de\/wp-content\/uploads\/2023\/03\/E-Jugend.jpg 1599w\" sizes=\"(max-width: 1024px) 100vw, 1024px\" \/><\/a><\/p>\n<div style=\"width: 1920px;\" class=\"wp-video\"><!--[if lt IE 9]><script>document.createElement('video');<\/script><![endif]-->\n<video class=\"wp-video-shortcode\" id=\"video-31795-1\" width=\"1920\" height=\"1080\" preload=\"metadata\" controls=\"controls\"><source type=\"video\/mp4\" src=\"https:\/\/sw-osterfeine.de\/wp-content\/uploads\/2023\/03\/E2.mp4?_=1\" \/><a href=\"https:\/\/sw-osterfeine.de\/wp-content\/uploads\/2023\/03\/E2.mp4\">https:\/\/sw-osterfeine.de\/wp-content\/uploads\/2023\/03\/E2.mp4<\/a><\/video><\/div>\n","protected":false},"excerpt":{"rendered":"<p>Wir haben nun unser drittes Punktspiel in der R\u00fcckrunde bestritten und alle Spiele wurden mit Bravour gemeistert.Beim ersten Spiel in der R\u00fcckrunde waren wir zu Gast bei der Mannschaft von GW M\u00fchlen. In den ersten paar Minuten musste sich die Mannschaft erst Sammeln und orientieren, aber nach diesen Minuten wurde Vollgas gegeben. Zur Halbzeit stand [&hellip;]<\/p>\n","protected":false},"author":3,"featured_media":0,"comment_status":"closed","ping_status":"closed","sticky":false,"template":"","format":"standard","meta":{"footnotes":""},"categories":[1],"tags":[],"_links":{"self":[{"href":"https:\/\/sw-osterfeine.de\/index.php?rest_route=\/wp\/v2\/posts\/31795"}],"collection":[{"href":"https:\/\/sw-osterfeine.de\/index.php?rest_route=\/wp\/v2\/posts"}],"about":[{"href":"https:\/\/sw-osterfeine.de\/index.php?rest_route=\/wp\/v2\/types\/post"}],"author":[{"embeddable":true,"href":"https:\/\/sw-osterfeine.de\/index.php?rest_route=\/wp\/v2\/users\/3"}],"replies":[{"embeddable":true,"href":"https:\/\/sw-osterfeine.de\/index.php?rest_route=%2Fwp%2Fv2%2Fcomments&post=31795"}],"version-history":[{"count":2,"href":"https:\/\/sw-osterfeine.de\/index.php?rest_route=\/wp\/v2\/posts\/31795\/revisions"}],"predecessor-version":[{"id":31799,"href":"https:\/\/sw-osterfeine.de\/index.php?rest_route=\/wp\/v2\/posts\/31795\/revisions\/31799"}],"wp:attachment":[{"href":"https:\/\/sw-osterfeine.de\/index.php?rest_route=%2Fwp%2Fv2%2Fmedia&parent=31795"}],"wp:term":[{"taxonomy":"category","embeddable":true,"href":"https:\/\/sw-osterfeine.de\/index.php?rest_route=%2Fwp%2Fv2%2Fcategories&post=31795"},{"taxonomy":"post_tag","embeddable":true,"href":"https:\/\/sw-osterfeine.de\/index.php?rest_route=%2Fwp%2Fv2%2Ftags&post=31795"}],"curies":[{"name":"wp","href":"https:\/\/api.w.org\/{rel}","templated":true}]}}