{"id":31802,"date":"2023-03-23T11:53:25","date_gmt":"2023-03-23T10:53:25","guid":{"rendered":"https:\/\/sw-osterfeine.de\/?p=31802"},"modified":"2023-03-23T11:53:25","modified_gmt":"2023-03-23T10:53:25","slug":"b-ii-jugend-noch-ohne-punktspiel-in-2023","status":"publish","type":"post","link":"https:\/\/sw-osterfeine.de\/?p=31802","title":{"rendered":"B-II-Jugend noch ohne Punktspiel in 2023"},"content":{"rendered":"\n\n\n<p>G\u00e4nzlich ohne Punktspiel gestaltete sich der R\u00fcckrundenstart f\u00fcr unsere Fu\u00dfballer der B-II-Jugend. War der pl\u00f6tzliche Schneeeinbruch zum R\u00fcckrundenstart als Grund f\u00fcr die Spielabsage f\u00fcr alle Fu\u00dfballer mehr als nachvollziehbar und sinnvoll, so war die \u00fcberraschende Spielabsage bei der JuV Nordkreis am vergangenen sonnigen Samstag schon eine Rarit\u00e4t im Fu\u00dfball in den beteiligten Landkreisen. Aber so ist der Fu\u00dfball mittlerweile geworden.<\/p>\n<p>Gl\u00fccklicherweise konnte unsere Mannschaft noch schnell ein Freundschaftsspiel gegen die SG Kroge\/Lohne organisieren. In einem fairen Spiel gewannen unsere\u00a0 Jungs am Ende mit 4:0, wobei Arne Jacob(3) und der immer st\u00e4rker werdende Thorge Deters die Treffer erzielten. So konnten beide Mannschaften immerhin wieder Spielpraxis sammeln.<\/p>\n<p>Das n\u00e4chste und somit erste Punktspiel unserer Mannschaft ist nun aufgrund der Skifreizeit und der Osterferien nun das Spiel gegen die SG Goldenstadt\/Rechterfeld am Karsamstag<\/p>\n<p>Bis dahin wird weiter flei\u00dfig trainiert. Gl\u00fccklicherweise hat sich mit Hubertus Meyer ein neues Gesicht unserer Mannschaft angeschlossen. Hubertus hat vorher noch nicht Fu\u00dfball gespielt und startet nun in der B-II-Jugend. Hubertus, wir freuen uns auf Dich und w\u00fcnschen Dir viel Spa\u00df in unserer Mannschaft.<\/p>\n<p>Ob und wie nun der R\u00fcckrundenstart aussieht? Wir werden dar\u00fcber berichten\u2026..<\/p>\n","protected":false},"excerpt":{"rendered":"<p>G\u00e4nzlich ohne Punktspiel gestaltete sich der R\u00fcckrundenstart f\u00fcr unsere Fu\u00dfballer der B-II-Jugend. War der pl\u00f6tzliche Schneeeinbruch zum R\u00fcckrundenstart als Grund f\u00fcr die Spielabsage f\u00fcr alle Fu\u00dfballer mehr als nachvollziehbar und sinnvoll, so war die \u00fcberraschende Spielabsage bei der JuV Nordkreis am vergangenen sonnigen Samstag schon eine Rarit\u00e4t im Fu\u00dfball in den beteiligten Landkreisen. Aber so [&hellip;]<\/p>\n","protected":false},"author":3,"featured_media":0,"comment_status":"closed","ping_status":"closed","sticky":false,"template":"","format":"standard","meta":{"footnotes":""},"categories":[3],"tags":[],"_links":{"self":[{"href":"https:\/\/sw-osterfeine.de\/index.php?rest_route=\/wp\/v2\/posts\/31802"}],"collection":[{"href":"https:\/\/sw-osterfeine.de\/index.php?rest_route=\/wp\/v2\/posts"}],"about":[{"href":"https:\/\/sw-osterfeine.de\/index.php?rest_route=\/wp\/v2\/types\/post"}],"author":[{"embeddable":true,"href":"https:\/\/sw-osterfeine.de\/index.php?rest_route=\/wp\/v2\/users\/3"}],"replies":[{"embeddable":true,"href":"https:\/\/sw-osterfeine.de\/index.php?rest_route=%2Fwp%2Fv2%2Fcomments&post=31802"}],"version-history":[{"count":1,"href":"https:\/\/sw-osterfeine.de\/index.php?rest_route=\/wp\/v2\/posts\/31802\/revisions"}],"predecessor-version":[{"id":31803,"href":"https:\/\/sw-osterfeine.de\/index.php?rest_route=\/wp\/v2\/posts\/31802\/revisions\/31803"}],"wp:attachment":[{"href":"https:\/\/sw-osterfeine.de\/index.php?rest_route=%2Fwp%2Fv2%2Fmedia&parent=31802"}],"wp:term":[{"taxonomy":"category","embeddable":true,"href":"https:\/\/sw-osterfeine.de\/index.php?rest_route=%2Fwp%2Fv2%2Fcategories&post=31802"},{"taxonomy":"post_tag","embeddable":true,"href":"https:\/\/sw-osterfeine.de\/index.php?rest_route=%2Fwp%2Fv2%2Ftags&post=31802"}],"curies":[{"name":"wp","href":"https:\/\/api.w.org\/{rel}","templated":true}]}}