{"id":31869,"date":"2023-03-30T11:58:20","date_gmt":"2023-03-30T09:58:20","guid":{"rendered":"https:\/\/sw-osterfeine.de\/?p=31869"},"modified":"2023-03-30T11:58:20","modified_gmt":"2023-03-30T09:58:20","slug":"unterstuetzung-durch-stiftung-rueckenwind","status":"publish","type":"post","link":"https:\/\/sw-osterfeine.de\/?p=31869","title":{"rendered":"Unterst\u00fctzung durch Stiftung R\u00fcckenwind"},"content":{"rendered":"\n<p><span style=\"font-family: 'Calibri',sans-serif; color: black;\">Eine gro\u00dfz\u00fcgige Unterst\u00fctzung durch die Stiftung R\u00fcckenwind erfuhr\u00a0in diesen Tagen der Sportverein SW Osterfeine bei der Anschaffung eines Teqball-Tisches.<\/span><\/p>\n<p><span style=\"font-family: 'Calibri',sans-serif; color: black;\">Das Foto zeigt Anne Markus-Rusche und Matthias Witte von der Stiftung R\u00fcckenwind\u00a0mit dem\u00a0stellvertretenden Vorsitzenden des OSV Marco Otte und einigen hoffnungsvollen OSV-Fu\u00dfballern, die sich schon intensiv an dem neuen Sportger\u00e4t versuchten. Eine tolle Anschaffung f\u00fcr jung und alt, mit der an der frischen Luft das ganze Jahr an der Technik gearbeitet werden kann.<\/span><\/p>\n<p><span style=\"font-family: 'Calibri',sans-serif; color: black;\">Der Sportverein Schwarz-Wei\u00df Osterfeine bedankt sich ganz herzlich bei der Stiftung R\u00fcckenwind f\u00fcr die gro\u00dfartige finanzielle Unterst\u00fctzung in H\u00f6he von 1500,00 <\/span><span style=\"font-family: 'Calibri',sans-serif; color: black;\">Euro!!!<\/span><\/p>\n<p><a href=\"https:\/\/sw-osterfeine.de\/wp-content\/uploads\/2023\/03\/Rueckenwind.jpg\" data-rel=\"lightbox-image-0\" data-rl_title=\"\" data-rl_caption=\"\" title=\"\"><img loading=\"lazy\" decoding=\"async\" class=\"alignleft size-full wp-image-31870\" src=\"https:\/\/sw-osterfeine.de\/wp-content\/uploads\/2023\/03\/Rueckenwind.jpg\" alt=\"\" width=\"1024\" height=\"594\" srcset=\"https:\/\/sw-osterfeine.de\/wp-content\/uploads\/2023\/03\/Rueckenwind.jpg 1024w, https:\/\/sw-osterfeine.de\/wp-content\/uploads\/2023\/03\/Rueckenwind-300x174.jpg 300w, https:\/\/sw-osterfeine.de\/wp-content\/uploads\/2023\/03\/Rueckenwind-768x446.jpg 768w\" sizes=\"(max-width: 1024px) 100vw, 1024px\" \/><\/a><\/p>\n","protected":false},"excerpt":{"rendered":"<p>Eine gro\u00dfz\u00fcgige Unterst\u00fctzung durch die Stiftung R\u00fcckenwind erfuhr\u00a0in diesen Tagen der Sportverein SW Osterfeine bei der Anschaffung eines Teqball-Tisches. Das Foto zeigt Anne Markus-Rusche und Matthias Witte von der Stiftung R\u00fcckenwind\u00a0mit dem\u00a0stellvertretenden Vorsitzenden des OSV Marco Otte und einigen hoffnungsvollen OSV-Fu\u00dfballern, die sich schon intensiv an dem neuen Sportger\u00e4t versuchten. Eine tolle Anschaffung f\u00fcr jung [&hellip;]<\/p>\n","protected":false},"author":3,"featured_media":0,"comment_status":"closed","ping_status":"closed","sticky":false,"template":"","format":"standard","meta":{"footnotes":""},"categories":[3],"tags":[],"_links":{"self":[{"href":"https:\/\/sw-osterfeine.de\/index.php?rest_route=\/wp\/v2\/posts\/31869"}],"collection":[{"href":"https:\/\/sw-osterfeine.de\/index.php?rest_route=\/wp\/v2\/posts"}],"about":[{"href":"https:\/\/sw-osterfeine.de\/index.php?rest_route=\/wp\/v2\/types\/post"}],"author":[{"embeddable":true,"href":"https:\/\/sw-osterfeine.de\/index.php?rest_route=\/wp\/v2\/users\/3"}],"replies":[{"embeddable":true,"href":"https:\/\/sw-osterfeine.de\/index.php?rest_route=%2Fwp%2Fv2%2Fcomments&post=31869"}],"version-history":[{"count":1,"href":"https:\/\/sw-osterfeine.de\/index.php?rest_route=\/wp\/v2\/posts\/31869\/revisions"}],"predecessor-version":[{"id":31871,"href":"https:\/\/sw-osterfeine.de\/index.php?rest_route=\/wp\/v2\/posts\/31869\/revisions\/31871"}],"wp:attachment":[{"href":"https:\/\/sw-osterfeine.de\/index.php?rest_route=%2Fwp%2Fv2%2Fmedia&parent=31869"}],"wp:term":[{"taxonomy":"category","embeddable":true,"href":"https:\/\/sw-osterfeine.de\/index.php?rest_route=%2Fwp%2Fv2%2Fcategories&post=31869"},{"taxonomy":"post_tag","embeddable":true,"href":"https:\/\/sw-osterfeine.de\/index.php?rest_route=%2Fwp%2Fv2%2Ftags&post=31869"}],"curies":[{"name":"wp","href":"https:\/\/api.w.org\/{rel}","templated":true}]}}