{"id":31941,"date":"2023-03-31T16:24:46","date_gmt":"2023-03-31T14:24:46","guid":{"rendered":"https:\/\/sw-osterfeine.de\/?p=31941"},"modified":"2023-03-31T16:39:52","modified_gmt":"2023-03-31T14:39:52","slug":"ferienbetreuung-tag-5-6","status":"publish","type":"post","link":"https:\/\/sw-osterfeine.de\/?p=31941","title":{"rendered":"Ferienbetreuung Tag 5"},"content":{"rendered":"\n<p>Heute war der 5. und somit letzte Tag der Ferienbetreuung in den Osterferien. Da wir uns in den vergangenen Tagen viel ausgetobt und sportlich aktiv bet\u00e4tigt haben, konnten wir heute entspannt eine Kinopause einlegen. Viele Kinder haben in unserem Vereinsclubraum den Film \u201eVorstadt Krokodile\u201c gucken d\u00fcrfen. Zudem blieb trotzdem noch gen\u00fcgend Zeit, um in der Sporthalle noch einmal Alles zu geben. Obwohl es bei uns keine Langeweile gibt, konnten die Kinder zur Mittagszeit eine Pause einlegen. Denn das beste Mittagessen gab es am letzten Tag unserer Ferienbetreuung. Die allseits geliebte Manta-Platte aus dem Imbiss, lie\u00dfen sich alle Kinder und Betreuer schmecken und trotz der kalten Temperaturen, kam das Eis zum Nachtisch gut an.<\/p>\n<p>Was an einem Ferienbetreuungstag nicht fehlen darf: das Top Spiel der Woche. Denn das Abschlussspiel \u201eHase und J\u00e4ger\u201c durfte an keinem Tag fehlen und somit auch nicht an Diesem.<\/p>\n<p>Zufrieden und ausgepowert sind alle Kinder nach Hause gefahren. Damit ist unsere Osterferienbetreuung zu Ende. Ein gro\u00dfes Dankesch\u00f6n an alle Teilnehmer\/Innen und allen Helfer\/Innen f\u00fcr die sportliche, spa\u00dfige, vielseitige und erlebnisreiche Woche. Wir freuen uns, euch bei der n\u00e4chsten Ferienbetreuung, im Sommer, wiederzusehen.<\/p>\n\n\t\t<style type=\"text\/css\">\n\t\t\t#gallery-1 {\n\t\t\t\tmargin: auto;\n\t\t\t}\n\t\t\t#gallery-1 .gallery-item {\n\t\t\t\tfloat: left;\n\t\t\t\tmargin-top: 10px;\n\t\t\t\ttext-align: center;\n\t\t\t\twidth: 25%;\n\t\t\t}\n\t\t\t#gallery-1 img {\n\t\t\t\tborder: 2px solid #cfcfcf;\n\t\t\t}\n\t\t\t#gallery-1 .gallery-caption {\n\t\t\t\tmargin-left: 0;\n\t\t\t}\n\t\t\t\/* see gallery_shortcode() in wp-includes\/media.php *\/\n\t\t<\/style>\n\t\t<div id='gallery-1' class='gallery galleryid-31941 gallery-columns-4 gallery-size-thumbnail'><dl class='gallery-item'>\n\t\t\t<dt class='gallery-icon portrait'>\n\t\t\t\t<a href='https:\/\/sw-osterfeine.de\/wp-content\/uploads\/2023\/03\/Tag-5.jpg' title=\"\" data-rl_title=\"\" class=\"rl-gallery-link\" data-rl_caption=\"\" data-rel=\"lightbox-gallery-1\"><img loading=\"lazy\" decoding=\"async\" width=\"150\" height=\"150\" src=\"https:\/\/sw-osterfeine.de\/wp-content\/uploads\/2023\/03\/Tag-5-150x150.jpg\" class=\"attachment-thumbnail size-thumbnail\" alt=\"\" \/><\/a>\n\t\t\t<\/dt><\/dl><dl class='gallery-item'>\n\t\t\t<dt class='gallery-icon portrait'>\n\t\t\t\t<a href='https:\/\/sw-osterfeine.de\/wp-content\/uploads\/2023\/03\/Tag5-1.jpg' title=\"\" data-rl_title=\"\" class=\"rl-gallery-link\" data-rl_caption=\"\" data-rel=\"lightbox-gallery-1\"><img loading=\"lazy\" decoding=\"async\" width=\"150\" height=\"150\" src=\"https:\/\/sw-osterfeine.de\/wp-content\/uploads\/2023\/03\/Tag5-1-150x150.jpg\" class=\"attachment-thumbnail size-thumbnail\" alt=\"\" \/><\/a>\n\t\t\t<\/dt><\/dl><dl class='gallery-item'>\n\t\t\t<dt class='gallery-icon portrait'>\n\t\t\t\t<a href='https:\/\/sw-osterfeine.de\/wp-content\/uploads\/2023\/03\/Tag5-2-scaled.jpg' title=\"\" data-rl_title=\"\" class=\"rl-gallery-link\" data-rl_caption=\"\" data-rel=\"lightbox-gallery-1\"><img loading=\"lazy\" decoding=\"async\" width=\"150\" height=\"150\" src=\"https:\/\/sw-osterfeine.de\/wp-content\/uploads\/2023\/03\/Tag5-2-150x150.jpg\" class=\"attachment-thumbnail size-thumbnail\" alt=\"\" \/><\/a>\n\t\t\t<\/dt><\/dl><dl class='gallery-item'>\n\t\t\t<dt class='gallery-icon landscape'>\n\t\t\t\t<a href='https:\/\/sw-osterfeine.de\/wp-content\/uploads\/2023\/03\/Tag5-3-scaled-e1680273559690.jpg' title=\"\" data-rl_title=\"\" class=\"rl-gallery-link\" data-rl_caption=\"\" data-rel=\"lightbox-gallery-1\"><img loading=\"lazy\" decoding=\"async\" width=\"150\" height=\"150\" src=\"https:\/\/sw-osterfeine.de\/wp-content\/uploads\/2023\/03\/Tag5-3-scaled-e1680273559690-150x150.jpg\" class=\"attachment-thumbnail size-thumbnail\" alt=\"\" \/><\/a>\n\t\t\t<\/dt><\/dl><br style=\"clear: both\" \/>\n\t\t<\/div>\n\n<p>\u00a0<\/p>\n<p>\u00a0<\/p>\n","protected":false},"excerpt":{"rendered":"<p>Heute war der 5. und somit letzte Tag der Ferienbetreuung in den Osterferien. Da wir uns in den vergangenen Tagen viel ausgetobt und sportlich aktiv bet\u00e4tigt haben, konnten wir heute entspannt eine Kinopause einlegen. Viele Kinder haben in unserem Vereinsclubraum den Film \u201eVorstadt Krokodile\u201c gucken d\u00fcrfen. Zudem blieb trotzdem noch gen\u00fcgend Zeit, um in der [&hellip;]<\/p>\n","protected":false},"author":3,"featured_media":0,"comment_status":"closed","ping_status":"closed","sticky":false,"template":"","format":"standard","meta":{"footnotes":""},"categories":[37],"tags":[],"_links":{"self":[{"href":"https:\/\/sw-osterfeine.de\/index.php?rest_route=\/wp\/v2\/posts\/31941"}],"collection":[{"href":"https:\/\/sw-osterfeine.de\/index.php?rest_route=\/wp\/v2\/posts"}],"about":[{"href":"https:\/\/sw-osterfeine.de\/index.php?rest_route=\/wp\/v2\/types\/post"}],"author":[{"embeddable":true,"href":"https:\/\/sw-osterfeine.de\/index.php?rest_route=\/wp\/v2\/users\/3"}],"replies":[{"embeddable":true,"href":"https:\/\/sw-osterfeine.de\/index.php?rest_route=%2Fwp%2Fv2%2Fcomments&post=31941"}],"version-history":[{"count":3,"href":"https:\/\/sw-osterfeine.de\/index.php?rest_route=\/wp\/v2\/posts\/31941\/revisions"}],"predecessor-version":[{"id":31951,"href":"https:\/\/sw-osterfeine.de\/index.php?rest_route=\/wp\/v2\/posts\/31941\/revisions\/31951"}],"wp:attachment":[{"href":"https:\/\/sw-osterfeine.de\/index.php?rest_route=%2Fwp%2Fv2%2Fmedia&parent=31941"}],"wp:term":[{"taxonomy":"category","embeddable":true,"href":"https:\/\/sw-osterfeine.de\/index.php?rest_route=%2Fwp%2Fv2%2Fcategories&post=31941"},{"taxonomy":"post_tag","embeddable":true,"href":"https:\/\/sw-osterfeine.de\/index.php?rest_route=%2Fwp%2Fv2%2Ftags&post=31941"}],"curies":[{"name":"wp","href":"https:\/\/api.w.org\/{rel}","templated":true}]}}