{"id":32062,"date":"2023-05-08T13:25:15","date_gmt":"2023-05-08T11:25:15","guid":{"rendered":"https:\/\/sw-osterfeine.de\/?p=32062"},"modified":"2023-05-08T13:25:15","modified_gmt":"2023-05-08T11:25:15","slug":"fussball-1-b-jugend-6","status":"publish","type":"post","link":"https:\/\/sw-osterfeine.de\/?p=32062","title":{"rendered":"Fu\u00dfball 1. B-Jugend"},"content":{"rendered":"\n<p>GW Brockdorf \u2013 SW Osterfeine 2:0<\/p>\n<p>Nach den zuletzt zwar erfolgreichen, aber spielerisch eher d\u00fcrftigen Auftritten wollten wir bei unseren Verfolgern aus Brockdorf endlich wieder zeigen, wozu wir in der Lage sind. Auf dem extrem kurzen Kunstrasenplatz galt es die Pressingmaschine anzuwerfen und nach der Balleroberung z\u00fcgig zum Abschluss zu kommen. Auf dem Platz war davon allerdings gar nichts zu sehen. Sowohl gegen, als auch mit dem Ball traten wir \u00e4u\u00dferst beh\u00e4big auf. Von der Einsatzbereitschaft und dem Siegeswillen aus der Hinrunde war nur noch wenig \u00fcbrig. Unser Auftreten wirkte wie die logische Fortsetzung unserer letzten Spiele und Trainingseinheiten. Die R\u00e4ume, die sich uns boten, liefen wir nicht an und allgemein hatte man das Gef\u00fchl, als wollten wir den Ball gar nicht haben. Otte und Kramer mussten sich mangels Anspieloptionen etliche Male den Ball hin und her schieben, ehe er in letzter Konsequenz lang ins Nirgendwo geschlagen wurde. So tritt kein Aufstiegskandidat auf, sondern ein Absteiger. In der 33. Minute gab es die Quittung f\u00fcr unsere Spielweise. Zun\u00e4chst waren Moritz Otte und Moritz Sonnen sich nicht ganz einig, wie sie den Ball kl\u00e4ren wollten, dann passte die Zuordnung beim daraus resultierenden Einwurf nicht und der Ball wurde hoch in den Strafraum gebracht. Sonne bekam nur die Fingerspitzen an den Ball, und in der Unordnung f\u00fchlte sich keiner so richtig f\u00fcr den Brockdorfer Torj\u00e4ger zust\u00e4ndig, der uns mit dem 1:0 bestrafte.<\/p>\n<p>Mit h\u00e4ngenden K\u00f6pfen ging es in die Kabine. Dass diese Leistung nicht reichen w\u00fcrde war allen bewusst, ebenso, dass wir keineswegs einen unschlagbaren Gegner vor uns hatten. Wir wollten in H\u00e4lfte zwei aggressiver sein und die R\u00e4ume besser besetzen und anlaufen. Doch auch diese guten Vors\u00e4tze fanden keine Umsetzung. Es blieb dabei, dass wir in Zweik\u00e4mpfen h\u00e4ufig den K\u00fcrzeren zogen oder schlichtweg zu sp\u00e4t kamen, um \u00fcberhaupt einen Zweikampf f\u00fchren zu k\u00f6nnen. Unser Freilaufverhalten hatte seinen Namen nicht verdient und wenn wir dann einmal den Ball nach vorne gebracht hatten hielt es niemand f\u00fcr n\u00f6tig nachzur\u00fccken, um einen gewissen Druck aufzubauen. So waren es erneut die Gastgeber, die ihre Chance gegen uns nutzten und in der 67. Minute nach einer Kombination durch unsere Abwehrreihen auf 2:0 stellten. Immerhin schien uns dieser Treffer zumindest teilweise aufgeweckt zu haben, denn im Anschluss daran zeigten wir Ans\u00e4tze dessen, was wir uns vorgenommen hatten.<!--more--><\/p>\n<p>In den letzten 7 Minuten dieser Begegnung sah das, was wir machten in einigen Situationen endlich mal nach Fu\u00dfball aus. Kombinationsspiel, Pressing und Durchsetzungsverm\u00f6gen waren pl\u00f6tzlich Bestandteil unseres Spiels. Diese Wende kam allerdings viel zu sp\u00e4t. Einen Treffer von Moritz Otte, der musterg\u00fcltig von Arne aufgelegt wurde, erkannte der Schiedsrichter wegen einer vermeintlichen Abseitsstellung ab. In der Bundesliga w\u00e4re da wohl der VAR ins Spiel gekommen. Am Ende stand an diesem Tag eine absolut verdiente 2:0 Niederlage auf dem Papier. Mit einem solchen Auftreten wird es auch in den kommenden Spielen schwierig zu punkten. Bei den mitgereisten Fans k\u00f6nnen wir uns daf\u00fcr nur entschuldigen.<\/p>\n<p>Nun gilt es das Spiel abzuhaken, als Motivation daf\u00fcr zu nehmen sich in den verbleibenden Wochen umso mehr reinzuh\u00e4ngen und das Ruder wieder rumzurei\u00dfen. Es gibt schlie\u00dflich noch einige Punkte zu holen und wenn wir unsere Bereitschaft der Hinrunde wiederfinden gibt es in dieser Liga keine Mannschaft, die ein leichtes Spiel gegen uns haben wird.<\/p>\n<p>Am kommenden Wochenende wollen wir gegen die Zweitvertretung des JFV Cloppenburg unsere Minikrise beenden und endlich wieder so auftreten, wie wir in diese Liga einmarschiert sind: Mit Einsatz, Willen und Spielfreude bis zum Abpfiff! Ansto\u00df ist am Samstag um 16:30 Uhr in Osterfeine.<\/p>\n<p>Mit freundlichen Gr\u00fc\u00dfen<\/p>\n<p>Coach P.<\/p>\n<p>Aufstellung: \u00a0\u00a0\u00a0\u00a0\u00a0\u00a0\u00a0\u00a0\u00a0\u00a0\u00a0\u00a0\u00a0\u00a0\u00a0\u00a0\u00a0\u00a0\u00a0\u00a0\u00a0\u00a0\u00a0\u00a0\u00a0\u00a0\u00a0\u00a0\u00a0\u00a0\u00a0\u00a0\u00a0\u00a0\u00a0\u00a0\u00a0\u00a0\u00a0\u00a0\u00a0\u00a0\u00a0\u00a0\u00a0\u00a0\u00a0\u00a0\u00a0\u00a0\u00a0\u00a0 M. Sonnen<\/p>\n<ol>\n<li>Brokamp N. Kramer\u00a0\u00a0\u00a0\u00a0\u00a0\u00a0\u00a0\u00a0\u00a0\u00a0 M. Otte\u00a0\u00a0\u00a0\u00a0\u00a0\u00a0\u00a0\u00a0\u00a0\u00a0\u00a0\u00a0\u00a0\u00a0\u00a0\u00a0\u00a0\u00a0\u00a0\u00a0\u00a0\u00a0\u00a0\u00a0\u00a0\u00a0\u00a0\u00a0\u00a0\u00a0 V. Chifan<\/li>\n<li>Glandorf M. Herfert<\/li>\n<li>Neteler B. Olberding\u00a0\u00a0\u00a0\u00a0\u00a0\u00a0\u00a0\u00a0\u00a0\u00a0\u00a0\u00a0\u00a0\u00a0\u00a0\u00a0\u00a0\u00a0\u00a0\u00a0\u00a0 L. Dalinghaus<\/li>\n<li>Nordmann<\/li>\n<\/ol>\n<p>Bank: G. Albers, P. Kreinest, A. Jacob, T. Deters<\/p>\n<p>Tore: \u00a0\u00a0\u00a0 1:0<\/p>\n<p>\u00a0\u00a0\u00a0\u00a0\u00a0\u00a0\u00a0\u00a0\u00a0\u00a0\u00a0\u00a0\u00a0\u00a0\u00a0 2:0<\/p>\n<p>\u00a0\u00a0\u00a0\u00a0\u00a0\u00a0\u00a0\u00a0\u00a0\u00a0\u00a0\u00a0\u00a0\u00a0\u00a0<\/p>\n","protected":false},"excerpt":{"rendered":"<p>GW Brockdorf \u2013 SW Osterfeine 2:0 Nach den zuletzt zwar erfolgreichen, aber spielerisch eher d\u00fcrftigen Auftritten wollten wir bei unseren Verfolgern aus Brockdorf endlich wieder zeigen, wozu wir in der Lage sind. Auf dem extrem kurzen Kunstrasenplatz galt es die Pressingmaschine anzuwerfen und nach der Balleroberung z\u00fcgig zum Abschluss zu kommen. Auf dem Platz war [&hellip;]<\/p>\n","protected":false},"author":3,"featured_media":0,"comment_status":"closed","ping_status":"closed","sticky":false,"template":"","format":"standard","meta":{"footnotes":""},"categories":[3],"tags":[],"_links":{"self":[{"href":"https:\/\/sw-osterfeine.de\/index.php?rest_route=\/wp\/v2\/posts\/32062"}],"collection":[{"href":"https:\/\/sw-osterfeine.de\/index.php?rest_route=\/wp\/v2\/posts"}],"about":[{"href":"https:\/\/sw-osterfeine.de\/index.php?rest_route=\/wp\/v2\/types\/post"}],"author":[{"embeddable":true,"href":"https:\/\/sw-osterfeine.de\/index.php?rest_route=\/wp\/v2\/users\/3"}],"replies":[{"embeddable":true,"href":"https:\/\/sw-osterfeine.de\/index.php?rest_route=%2Fwp%2Fv2%2Fcomments&post=32062"}],"version-history":[{"count":1,"href":"https:\/\/sw-osterfeine.de\/index.php?rest_route=\/wp\/v2\/posts\/32062\/revisions"}],"predecessor-version":[{"id":32063,"href":"https:\/\/sw-osterfeine.de\/index.php?rest_route=\/wp\/v2\/posts\/32062\/revisions\/32063"}],"wp:attachment":[{"href":"https:\/\/sw-osterfeine.de\/index.php?rest_route=%2Fwp%2Fv2%2Fmedia&parent=32062"}],"wp:term":[{"taxonomy":"category","embeddable":true,"href":"https:\/\/sw-osterfeine.de\/index.php?rest_route=%2Fwp%2Fv2%2Fcategories&post=32062"},{"taxonomy":"post_tag","embeddable":true,"href":"https:\/\/sw-osterfeine.de\/index.php?rest_route=%2Fwp%2Fv2%2Ftags&post=32062"}],"curies":[{"name":"wp","href":"https:\/\/api.w.org\/{rel}","templated":true}]}}