{"id":32064,"date":"2023-05-08T13:32:16","date_gmt":"2023-05-08T11:32:16","guid":{"rendered":"https:\/\/sw-osterfeine.de\/?p=32064"},"modified":"2023-05-08T14:16:37","modified_gmt":"2023-05-08T12:16:37","slug":"spielbericht-iii-herren","status":"publish","type":"post","link":"https:\/\/sw-osterfeine.de\/?p=32064","title":{"rendered":"<strong>Spielbericht III. Herren<\/strong>"},"content":{"rendered":"\n<p><strong>BS V\u00f6rden II vs. SW Osterfeine III (1:5)<\/strong><\/p>\n<p>Eine Woche nach dem knappen 2:1 Sieg gegen Brockdorf V durften wir uns einer neuen Aufgabe stellen. In diesem Fall war es die Zweitvertretung des BS V\u00f6rden. Das Hinspiel ist 2:2 auf heimischen Rasen ausgegangen. Noch heute k\u00f6nnen wir uns nicht erkl\u00e4ren wie dieses Ergebnis zustande kam. Auch V\u00f6rden ist damals abgereist und stellte sich die Frage wie sie einen Punkt mitnehmen konnten. Am heutigen Sonntag wollten wir dies nat\u00fcrlich \u00e4ndern und die 3 Punkte holen. Von Beginn an zeigten wir eine konzentrierte Leistung und spielten uns unsere Chancen heraus. In der 23. Minute war es der heute gl\u00e4nzend aufgelegte Luci, der zun\u00e4chst an drei V\u00f6rdener Verteidigern vorbeiging, ehe er den Ball zum besser platzierten und str\u00e4flich allein gelassenen \u00dc querlegte. \u00dc musste den Ball dann nur noch einschieben. 10 Minuten sp\u00e4ter war es dann Luci der einnetzen durfte. Zun\u00e4chst war es Jocab der den Ball nicht richtig traf, wodurch der Ball aber genau vor die F\u00fc\u00dfe von Luci viel. Dieser nahm den Ball direkt und traf zum 2:0. Mit diesem Spielstand ging es dann in die Pause. In der Kabine gab es dann nur das Thema, dass wir genau an dieser Leistung ankn\u00fcpfen wollen und m\u00f6glichst schnell nachlegen, sodass wir hier f\u00fcr klare Verh\u00e4ltnisse sorgen. Doch alles sollte anders kommen. Nach einem Einwurf f\u00fcr V\u00f6rden gelang der Ball an unser Sechzehner Eck, wo sich ein V\u00f6rdener Spieler ein Herz nahm und es einfach mal versuchte. Der Ball wurde dann so ungl\u00fccklich abgef\u00e4lscht, dass Anwalt keine Chance im Tor hatte diesen zu parieren (47. Minute). Nach dem Gegentreffer bekamen wir immer mehr Chancen. Vorallem Leo stellte die V\u00f6rdener Defensive vor einige Herausforderung. Doch das leidige Thema bei Leo bleibt sein Abschluss. Es gibt keinen Spieler bei uns im Team der mehr hochkar\u00e4tige Chance liegen l\u00e4sst. Im Anschluss an das Spiel, versprach Leo dem Trainerteam jedoch Besserung. Auch aufgrund unserer Chancenverwertung, sollte es mehr als zehn Minuten dauern, ehe wir wieder auf eine zwei Tore-F\u00fchrung <!--more-->stellen konnten. In der 60. Minute spielte Mika einen perfekten Pass in die Schnittstelle und erneut war es Luci der aus spitzem Winkel einschob. Er selber wusste nach dem Spiel nicht wie dieser Abschluss zum Tor f\u00fchren konnte, da er den Ball einfach nicht gut getroffen hat. Der V\u00f6rdener Torwart hatte aber scheinbar Mitgef\u00fchl mit Luci, weshalb er den Ball durchlie\u00df. Das n\u00e4chste Tor war dann Pawel verg\u00f6nnt. Dies erziehlte er in der 62. Minute durch einen sehenswerten direkten Freistoss aus ca 25 Metern. Der Ball flog passgenau ins obere Linke Eck und war f\u00fcr den Torwart nicht zu halten. Sp\u00e4testens jetzt war klar wer hier und heute als Sieger vom Platz ging. Wir lie\u00dfen hinten, trotz mehrerer Wechsel, nichts anbrennen. Herausragend darf man an dieser Stelle Linus B\u00f6rgerding erw\u00e4hen. Linus ist auch erst seit Winter in unserem Team, spielt aber seither eine wichtige Rolle und stabilisierte merklich unsere Abwehr. Den Schlusspunkt im Spiel setzte dann abermals Luci. Nach einem Ballgewinn im Mittelfeld spielte Pawel einen perfekten Pass und \u00fcberspielte das gesamte V\u00f6rdener Team. Luci nahm den Ball im Sechszehner an ging noch 2 Schritte und schob den Ball locker ins Tor (80. Minute). Im Anschluss durfte Luci dann seine wohlverdiente Pause in Anspruch nehmen. Er wurde durch Flo ersetzt, der kurze Zeit sp\u00e4ter auch noch eine Chance hatte, welche aber noch abgef\u00e4lscht wurde und leider neben das Tor ging. Am Ende muss man sagen das V\u00f6rden zumindest am heutigen Tag nicht auf einer Augenh\u00f6he mit uns war und wir verdient mit 5:1 gewannen. Wir bleiben durch diesen Sieg unserer Form treu und bauten unsere Ungeschlagen-Serie auf 7 Spiele aus. Am kommenden Sonntag bekommen wir es nun mit SV R-W Visbek III zu tun und wollen das schwache Hinrundenspiel (7:1 Niederlage) nat\u00fcrlich wieder gut machen. Hierzu d\u00fcrfen wir alle die an dem Sonntag um 14Uhr\u00a0 nichts vor haben, auf dem heimischen Rasen Willkommen hei\u00dfen, um unsere Mannschaft zu unterst\u00fctzen.<\/p>\n\n\t\t<style type=\"text\/css\">\n\t\t\t#gallery-1 {\n\t\t\t\tmargin: auto;\n\t\t\t}\n\t\t\t#gallery-1 .gallery-item {\n\t\t\t\tfloat: left;\n\t\t\t\tmargin-top: 10px;\n\t\t\t\ttext-align: center;\n\t\t\t\twidth: 33%;\n\t\t\t}\n\t\t\t#gallery-1 img {\n\t\t\t\tborder: 2px solid #cfcfcf;\n\t\t\t}\n\t\t\t#gallery-1 .gallery-caption {\n\t\t\t\tmargin-left: 0;\n\t\t\t}\n\t\t\t\/* see gallery_shortcode() in wp-includes\/media.php *\/\n\t\t<\/style>\n\t\t<div id='gallery-1' class='gallery galleryid-32064 gallery-columns-3 gallery-size-thumbnail'><dl class='gallery-item'>\n\t\t\t<dt class='gallery-icon portrait'>\n\t\t\t\t<a href='https:\/\/sw-osterfeine.de\/wp-content\/uploads\/2023\/05\/4._1-scaled.jpg' title=\"\" data-rl_title=\"\" class=\"rl-gallery-link\" data-rl_caption=\"\" data-rel=\"lightbox-gallery-1\"><img loading=\"lazy\" decoding=\"async\" width=\"150\" height=\"150\" src=\"https:\/\/sw-osterfeine.de\/wp-content\/uploads\/2023\/05\/4._1-150x150.jpg\" class=\"attachment-thumbnail size-thumbnail\" alt=\"\" \/><\/a>\n\t\t\t<\/dt><\/dl><dl class='gallery-item'>\n\t\t\t<dt class='gallery-icon landscape'>\n\t\t\t\t<a href='https:\/\/sw-osterfeine.de\/wp-content\/uploads\/2023\/05\/4._2-scaled.jpg' title=\"\" data-rl_title=\"\" class=\"rl-gallery-link\" data-rl_caption=\"\" data-rel=\"lightbox-gallery-1\"><img loading=\"lazy\" decoding=\"async\" width=\"150\" height=\"150\" src=\"https:\/\/sw-osterfeine.de\/wp-content\/uploads\/2023\/05\/4._2-150x150.jpg\" class=\"attachment-thumbnail size-thumbnail\" alt=\"\" \/><\/a>\n\t\t\t<\/dt><\/dl><dl class='gallery-item'>\n\t\t\t<dt class='gallery-icon landscape'>\n\t\t\t\t<a href='https:\/\/sw-osterfeine.de\/wp-content\/uploads\/2023\/05\/4._3-scaled.jpg' title=\"\" data-rl_title=\"\" class=\"rl-gallery-link\" data-rl_caption=\"\" data-rel=\"lightbox-gallery-1\"><img loading=\"lazy\" decoding=\"async\" width=\"150\" height=\"150\" src=\"https:\/\/sw-osterfeine.de\/wp-content\/uploads\/2023\/05\/4._3-150x150.jpg\" class=\"attachment-thumbnail size-thumbnail\" alt=\"\" \/><\/a>\n\t\t\t<\/dt><\/dl><br style=\"clear: both\" \/><dl class='gallery-item'>\n\t\t\t<dt class='gallery-icon landscape'>\n\t\t\t\t<a href='https:\/\/sw-osterfeine.de\/wp-content\/uploads\/2023\/05\/4._4-scaled.jpg' title=\"\" data-rl_title=\"\" class=\"rl-gallery-link\" data-rl_caption=\"\" data-rel=\"lightbox-gallery-1\"><img loading=\"lazy\" decoding=\"async\" width=\"150\" height=\"150\" src=\"https:\/\/sw-osterfeine.de\/wp-content\/uploads\/2023\/05\/4._4-150x150.jpg\" class=\"attachment-thumbnail size-thumbnail\" alt=\"\" \/><\/a>\n\t\t\t<\/dt><\/dl><dl class='gallery-item'>\n\t\t\t<dt class='gallery-icon landscape'>\n\t\t\t\t<a href='https:\/\/sw-osterfeine.de\/wp-content\/uploads\/2023\/05\/4._5.jpg' title=\"\" data-rl_title=\"\" class=\"rl-gallery-link\" data-rl_caption=\"\" data-rel=\"lightbox-gallery-1\"><img loading=\"lazy\" decoding=\"async\" width=\"150\" height=\"150\" src=\"https:\/\/sw-osterfeine.de\/wp-content\/uploads\/2023\/05\/4._5-150x150.jpg\" class=\"attachment-thumbnail size-thumbnail\" alt=\"\" \/><\/a>\n\t\t\t<\/dt><\/dl>\n\t\t\t<br style='clear: both' \/>\n\t\t<\/div>\n\n","protected":false},"excerpt":{"rendered":"<p>BS V\u00f6rden II vs. SW Osterfeine III (1:5) Eine Woche nach dem knappen 2:1 Sieg gegen Brockdorf V durften wir uns einer neuen Aufgabe stellen. In diesem Fall war es die Zweitvertretung des BS V\u00f6rden. Das Hinspiel ist 2:2 auf heimischen Rasen ausgegangen. Noch heute k\u00f6nnen wir uns nicht erkl\u00e4ren wie dieses Ergebnis zustande kam. [&hellip;]<\/p>\n","protected":false},"author":3,"featured_media":0,"comment_status":"closed","ping_status":"closed","sticky":false,"template":"","format":"standard","meta":{"footnotes":""},"categories":[3],"tags":[],"_links":{"self":[{"href":"https:\/\/sw-osterfeine.de\/index.php?rest_route=\/wp\/v2\/posts\/32064"}],"collection":[{"href":"https:\/\/sw-osterfeine.de\/index.php?rest_route=\/wp\/v2\/posts"}],"about":[{"href":"https:\/\/sw-osterfeine.de\/index.php?rest_route=\/wp\/v2\/types\/post"}],"author":[{"embeddable":true,"href":"https:\/\/sw-osterfeine.de\/index.php?rest_route=\/wp\/v2\/users\/3"}],"replies":[{"embeddable":true,"href":"https:\/\/sw-osterfeine.de\/index.php?rest_route=%2Fwp%2Fv2%2Fcomments&post=32064"}],"version-history":[{"count":3,"href":"https:\/\/sw-osterfeine.de\/index.php?rest_route=\/wp\/v2\/posts\/32064\/revisions"}],"predecessor-version":[{"id":32072,"href":"https:\/\/sw-osterfeine.de\/index.php?rest_route=\/wp\/v2\/posts\/32064\/revisions\/32072"}],"wp:attachment":[{"href":"https:\/\/sw-osterfeine.de\/index.php?rest_route=%2Fwp%2Fv2%2Fmedia&parent=32064"}],"wp:term":[{"taxonomy":"category","embeddable":true,"href":"https:\/\/sw-osterfeine.de\/index.php?rest_route=%2Fwp%2Fv2%2Fcategories&post=32064"},{"taxonomy":"post_tag","embeddable":true,"href":"https:\/\/sw-osterfeine.de\/index.php?rest_route=%2Fwp%2Fv2%2Ftags&post=32064"}],"curies":[{"name":"wp","href":"https:\/\/api.w.org\/{rel}","templated":true}]}}