{"id":32073,"date":"2023-05-08T16:53:26","date_gmt":"2023-05-08T14:53:26","guid":{"rendered":"https:\/\/sw-osterfeine.de\/?p=32073"},"modified":"2023-05-08T16:54:17","modified_gmt":"2023-05-08T14:54:17","slug":"aktueller-stand-1-d-jugend-fussball-sw-osterfeine","status":"publish","type":"post","link":"https:\/\/sw-osterfeine.de\/?p=32073","title":{"rendered":"Aktueller Stand 1. D Jugend (Fu\u00dfball) SW Osterfeine"},"content":{"rendered":"\n<p>Nach nunmehr 5 Saisonspielen in der R\u00fcckrunde der 2. Kreisklasse steht unsere Mannschaft auf Platz 1. In den Testspielen taten wir uns noch sehr schwer, verloren gegen Sulingen und Brockdorf, ein unentschieden gegen Kroge, eine knappe Kiste 5:4 gegen Holdorf, es fehlte noch an vielem, doch daf\u00fcr sind die Testspiele zum Gl\u00fcck ja da, um die entsprechenden Korrekturen vorzunehmen.<\/p>\n<p>Das erste Punktspiel in V\u00f6rden startete vielversprechend, 4:1 zur Halbzeit, doch dann knickten wir ein und konnten uns nur mit gr\u00f6\u00dfter Not zum 4:3 Ausw\u00e4rtssieg vor lautstarker V\u00f6rdener Fankulisse retten. Warum auch immer, ob es an den darauffolgenden Trainings Einheiten lag, ist f\u00fcr uns Trainer nicht nach vollziehbar, doch seit dem 2. Punktspiel leben wir unser Ziel von einem Platz unter den Top 3 der Klasse mit einem beeindruckenden Selbstvertrauen was einfach nur wunderbar anzuschauen ist! Gegen Holdorf-Langenberg (9:0), Kroge-Ehrendorf (6:0) und Steinfeld-M\u00fchlen (5:0) fuhren wir drei beeindruckende Siege ein, erspielt durch perfekt, nach Trainings\u00fcbung, ausgef\u00fchrte Spielz\u00fcge, kernige Abwehrarbeiten und starkem Selbstvertrauen.<\/p>\n<p>Am vergangenen Freitag stand dann mit Bakum-Carum-L\u00fcsche ein Gegner auf dem Platz, welcher anhand der bisherigen Zahlen (6:5 Tore in 4 Spielen) eine vermeintlich sehr gute Defensive aufzuweisen hat. Entsprechend vorbereitet gingen wir in das Spiel und sp\u00fcrten recht fr\u00fch das die Nuss heute etwas h\u00e4rter zu knacken sein wird. Nach anf\u00e4nglichem Abtasten kamen wir zu ersten Chancen und lie\u00dfen im Grunde auch nichts nennenswertes in der eigenen Defensive anbrennen. Doch Mitte der ersten H\u00e4lfte kam dieser eine Querschl\u00e4ger welcher dann durchrutschte und von Bakums Nummer 9 eiskalt ausgenutzt wurde. <u>Was f\u00fcr eine\u00a0 ungewohnte Situation f\u00fcr uns:<\/u> <strong>R\u00fcckstand, im eigenen Stadion<\/strong>! Nun kam es darauf an, zu zeigen wo wir wirklich stehen! Unsere<!--more--> Truppe steckte tats\u00e4chlich nicht den Kopf in den Sand, fand immer wieder L\u00fccken in der gegnerischen Abwehr, einziges Manko bis dahin war die mangelnde Chancenverwertung!!! Wie das im Fu\u00dfball immer so ist, muss dann manchmal auch einfach ein Standardtor den erl\u00f6senden Moment bringen. Im dritten Anlauf eines Ecksto\u00dfes kam der Ball, getreten von Elija Willenbrink, perfekt platziert in den 5 Meter Raum und Paul Gieskemeyer brauchte nur noch einnicken: <strong>wundersch\u00f6n !<\/strong> Doch das Ding war noch nicht rund, denn eben jener 9er aus der Bakumer Truppe, fand wieder mit einer klitzekleinen Nachl\u00e4ssigkeit in unserer Abwehr dieses eine Loch und dann auch noch mit Pieke ins Netz, <strong>zack 1:2 Bakum<\/strong>! Wieder R\u00fcckstand, und das bei einem gef\u00fchlten Chancenplus von 10:1. Das bedeutete in der Halbzeit f\u00fcr uns Trainer die Seelenbalsam-Tube raus holen, einen ordentliche Schluck aus der Selbstvertrauen-Pulle verteilen und dann mit unb\u00e4ndigem Siegeswillen in Halbzeit 2 starten. Nach diversen, unfassbar einfachen zu versenkenden Gro\u00dfchancen, war es dann <strong>Mats Otte<\/strong> innerhalb von kurzer Zeit, <strong>der das Spiel von 1:2 auf 3:2 drehte.<\/strong> Perfekt bedient von au\u00dfen brauchte Mats bei beiden Spielz\u00fcgen den Fu\u00df im F\u00fcnfer nur rein halten. Wir waren wieder auf Kurs, doch 15 min. vor Spielende mussten wir das Spiel aufgrund eines durchziehenden Gewitters f\u00fcr 20 Minuten unterbrechen. Der einsetzende Starkregen setzte die gr\u00fcne Wiese mehr oder weniger komplett unter Wasser, das st\u00f6rte die Kids nat\u00fcrlich kaum, ganz im Gegenteil, \u201eFritz-Walter-Wetter\u201c vom allerfeinsten lie\u00df die Kids es kaum aushalten wieder auf den Rasen zur\u00fcck zu kehren. Die letzten 15 Minuten verliefen \u00e4hnlich wie zuvor, Chancenplus f\u00fcr SWO, \u00a0lediglich in der letzten Minute kam Bakum noch einmal brandgef\u00e4hrlich vor unseren Kasten, diese Gro\u00dfchance konnten Keeper Maxi und Felix aber zum Gl\u00fcck gerade noch so abwehren! Endlich Abpfiff, das Ding war rund und wir konnten Dank gro\u00dfer Moral und unb\u00e4ndiger Spielfreude verdient als Sieger vom Platz gehen.Die letzten 3 Spiele gegen unsere direkten Verfolger aus Oythe, Langf\u00f6rden und Damme werden somit alles \u201eEndspiele\u201c, und das auf mindestens gleichem Niveau. Wir sind gewarnt und werden uns in den n\u00e4chsten Trainingseinheiten konzentriert darauf vorbereiten, mit Fokus <strong>\u201eunser gemeinsames Ziel\u201c !<\/strong><\/p>\n<p>Beste Gr\u00fc\u00dfe und bis bald<\/p>\n<p>Eure D 1 Fussball<\/p>\n","protected":false},"excerpt":{"rendered":"<p>Nach nunmehr 5 Saisonspielen in der R\u00fcckrunde der 2. Kreisklasse steht unsere Mannschaft auf Platz 1. In den Testspielen taten wir uns noch sehr schwer, verloren gegen Sulingen und Brockdorf, ein unentschieden gegen Kroge, eine knappe Kiste 5:4 gegen Holdorf, es fehlte noch an vielem, doch daf\u00fcr sind die Testspiele zum Gl\u00fcck ja da, um [&hellip;]<\/p>\n","protected":false},"author":3,"featured_media":0,"comment_status":"closed","ping_status":"closed","sticky":false,"template":"","format":"standard","meta":{"footnotes":""},"categories":[3],"tags":[],"_links":{"self":[{"href":"https:\/\/sw-osterfeine.de\/index.php?rest_route=\/wp\/v2\/posts\/32073"}],"collection":[{"href":"https:\/\/sw-osterfeine.de\/index.php?rest_route=\/wp\/v2\/posts"}],"about":[{"href":"https:\/\/sw-osterfeine.de\/index.php?rest_route=\/wp\/v2\/types\/post"}],"author":[{"embeddable":true,"href":"https:\/\/sw-osterfeine.de\/index.php?rest_route=\/wp\/v2\/users\/3"}],"replies":[{"embeddable":true,"href":"https:\/\/sw-osterfeine.de\/index.php?rest_route=%2Fwp%2Fv2%2Fcomments&post=32073"}],"version-history":[{"count":2,"href":"https:\/\/sw-osterfeine.de\/index.php?rest_route=\/wp\/v2\/posts\/32073\/revisions"}],"predecessor-version":[{"id":32075,"href":"https:\/\/sw-osterfeine.de\/index.php?rest_route=\/wp\/v2\/posts\/32073\/revisions\/32075"}],"wp:attachment":[{"href":"https:\/\/sw-osterfeine.de\/index.php?rest_route=%2Fwp%2Fv2%2Fmedia&parent=32073"}],"wp:term":[{"taxonomy":"category","embeddable":true,"href":"https:\/\/sw-osterfeine.de\/index.php?rest_route=%2Fwp%2Fv2%2Fcategories&post=32073"},{"taxonomy":"post_tag","embeddable":true,"href":"https:\/\/sw-osterfeine.de\/index.php?rest_route=%2Fwp%2Fv2%2Ftags&post=32073"}],"curies":[{"name":"wp","href":"https:\/\/api.w.org\/{rel}","templated":true}]}}