{"id":32096,"date":"2023-05-16T06:42:20","date_gmt":"2023-05-16T04:42:20","guid":{"rendered":"https:\/\/sw-osterfeine.de\/?p=32096"},"modified":"2023-05-16T06:42:20","modified_gmt":"2023-05-16T04:42:20","slug":"20-jahre-osv-indiaca-gruppe","status":"publish","type":"post","link":"https:\/\/sw-osterfeine.de\/?p=32096","title":{"rendered":"20 Jahre OSV-Indiaca-Gruppe !!"},"content":{"rendered":"\n<p><strong><em>Ein tolles Jubil\u00e4um konnte im April die OSV-Indiaca-Gruppe feiern.<\/em><\/strong><\/p>\n<p><strong><em>Seit nunmehr 20 Jahren schlagen sie nimmerm\u00fcde den Federball \u00fcber das Netz.<\/em><\/strong><\/p>\n<p><strong><em>Das Jubil\u00e4um wurde mit einem gemeinsamen Abendessen gefeiert, bei dem auch die Gr\u00fcndungsmitglieder Giesela Koldehoff, Angela Siebe und Ursula Urban teilgenommen haben.<\/em><\/strong><\/p>\n<p><strong><em>Der gesamte Sportverein gratuliert recht herzlich zu zu diesem tollen Jubil\u00e4um!!<\/em><\/strong><\/p>\n<p><em>Die Gruppenleitung teilen sich aktuell <strong>Anne Hofstadt<\/strong> und <strong>Ursula Urban<\/strong> und sie nahmen stellvertretend die Gl\u00fcckw\u00fcnsche des OSV-Vorstands f\u00fcr die gesamte Gruppe entgegen!<\/em><\/p>\n<p><a href=\"https:\/\/sw-osterfeine.de\/wp-content\/uploads\/2023\/05\/IMG_9514-rotated.jpg\" data-rel=\"lightbox-image-0\" data-rl_title=\"\" data-rl_caption=\"\" title=\"\"><img loading=\"lazy\" decoding=\"async\" class=\"alignleft size-full wp-image-32098\" src=\"https:\/\/sw-osterfeine.de\/wp-content\/uploads\/2023\/05\/IMG_9514-rotated.jpg\" alt=\"\" width=\"480\" height=\"640\" srcset=\"https:\/\/sw-osterfeine.de\/wp-content\/uploads\/2023\/05\/IMG_9514-rotated.jpg 480w, https:\/\/sw-osterfeine.de\/wp-content\/uploads\/2023\/05\/IMG_9514-225x300.jpg 225w\" sizes=\"(max-width: 480px) 100vw, 480px\" \/><\/a><\/p>\n<p><a href=\"https:\/\/sw-osterfeine.de\/wp-content\/uploads\/2023\/05\/IMG-20230426-WA0001.jpg\" data-rel=\"lightbox-image-1\" data-rl_title=\"\" data-rl_caption=\"\" title=\"\"><img loading=\"lazy\" decoding=\"async\" class=\"alignleft size-full wp-image-32097\" src=\"https:\/\/sw-osterfeine.de\/wp-content\/uploads\/2023\/05\/IMG-20230426-WA0001.jpg\" alt=\"\" width=\"800\" height=\"600\" srcset=\"https:\/\/sw-osterfeine.de\/wp-content\/uploads\/2023\/05\/IMG-20230426-WA0001.jpg 800w, https:\/\/sw-osterfeine.de\/wp-content\/uploads\/2023\/05\/IMG-20230426-WA0001-300x225.jpg 300w, https:\/\/sw-osterfeine.de\/wp-content\/uploads\/2023\/05\/IMG-20230426-WA0001-768x576.jpg 768w\" sizes=\"(max-width: 800px) 100vw, 800px\" \/><\/a><\/p>\n","protected":false},"excerpt":{"rendered":"<p>Ein tolles Jubil\u00e4um konnte im April die OSV-Indiaca-Gruppe feiern. Seit nunmehr 20 Jahren schlagen sie nimmerm\u00fcde den Federball \u00fcber das Netz. Das Jubil\u00e4um wurde mit einem gemeinsamen Abendessen gefeiert, bei dem auch die Gr\u00fcndungsmitglieder Giesela Koldehoff, Angela Siebe und Ursula Urban teilgenommen haben. Der gesamte Sportverein gratuliert recht herzlich zu zu diesem tollen Jubil\u00e4um!! Die [&hellip;]<\/p>\n","protected":false},"author":3,"featured_media":0,"comment_status":"closed","ping_status":"closed","sticky":false,"template":"","format":"standard","meta":{"footnotes":""},"categories":[42],"tags":[],"_links":{"self":[{"href":"https:\/\/sw-osterfeine.de\/index.php?rest_route=\/wp\/v2\/posts\/32096"}],"collection":[{"href":"https:\/\/sw-osterfeine.de\/index.php?rest_route=\/wp\/v2\/posts"}],"about":[{"href":"https:\/\/sw-osterfeine.de\/index.php?rest_route=\/wp\/v2\/types\/post"}],"author":[{"embeddable":true,"href":"https:\/\/sw-osterfeine.de\/index.php?rest_route=\/wp\/v2\/users\/3"}],"replies":[{"embeddable":true,"href":"https:\/\/sw-osterfeine.de\/index.php?rest_route=%2Fwp%2Fv2%2Fcomments&post=32096"}],"version-history":[{"count":4,"href":"https:\/\/sw-osterfeine.de\/index.php?rest_route=\/wp\/v2\/posts\/32096\/revisions"}],"predecessor-version":[{"id":32102,"href":"https:\/\/sw-osterfeine.de\/index.php?rest_route=\/wp\/v2\/posts\/32096\/revisions\/32102"}],"wp:attachment":[{"href":"https:\/\/sw-osterfeine.de\/index.php?rest_route=%2Fwp%2Fv2%2Fmedia&parent=32096"}],"wp:term":[{"taxonomy":"category","embeddable":true,"href":"https:\/\/sw-osterfeine.de\/index.php?rest_route=%2Fwp%2Fv2%2Fcategories&post=32096"},{"taxonomy":"post_tag","embeddable":true,"href":"https:\/\/sw-osterfeine.de\/index.php?rest_route=%2Fwp%2Fv2%2Ftags&post=32096"}],"curies":[{"name":"wp","href":"https:\/\/api.w.org\/{rel}","templated":true}]}}