{"id":32104,"date":"2023-05-16T11:14:49","date_gmt":"2023-05-16T09:14:49","guid":{"rendered":"https:\/\/sw-osterfeine.de\/?p=32104"},"modified":"2023-05-16T11:14:49","modified_gmt":"2023-05-16T09:14:49","slug":"spielbericht-iii-herren-sw-osterfeine","status":"publish","type":"post","link":"https:\/\/sw-osterfeine.de\/?p=32104","title":{"rendered":"<strong>Spielbericht III Herren SW Osterfeine<\/strong>"},"content":{"rendered":"\n<p><strong>SW Osterfeine III vs SV R-W Visbek III (7:0)<\/strong><\/p>\n<p>Eine Woche nach dem Sieg gegen V\u00f6rden empfingen wir auf heimischen Rasen die dritte Mannschaft von R-W Visbek. Im Hinspiel mussten wir uns leider mit 7:1 geschlagen geben, nachdem wir uns katastrophal pr\u00e4sentiert hatten. In der Woche hatten wir die Bef\u00fcrchtung, dass Visbek evtl. nicht antritt, da sie das Spiel gegen Brockdorf absichtlich herschenkten. Wir bereiteten uns trotzdem intensiv auf dieses Spiel vor und Leo bekam sogar ein extra Training um seinen Torschuss zu verbessern, weshalb er vor dem Spiel auch gleich zugesichert hat, dass er heute trifft. Wir begannen das Spiel mit nur einer \u00c4nderung in der Startelf und kamen auch deshalb gut ins Spiel. Von Beginn an waren wir die bessere Mannschaft. Nach mehreren kleineren Chancen, war es in der 24. Minute unser Top Torj\u00e4ger Luci der sich als erstes in die Torsch\u00fctzenliste eintragen durfte. Eine vorausgehende Ecke kl\u00e4rte Visbek nach au\u00dfen zum Eckensch\u00fctzen Mika, der den Ball wieder in die Mitte spielte. Nach einigem Gew\u00fchle am F\u00fcnf-Meter-Raum, stocherte Luci den Ball ins Tor. Wenige Minuten sp\u00e4ter zeigte die gegnerische Defensive ein \u00e4u\u00dferst schwaches Stellungsspiel. \u00dc konnte den Ball zwischen die beiden Innenverteidiger spielen, wo Proppen v\u00f6llig alleine war. Dieser ging noch weiter Richtung Tor und lie\u00df dem Torwart bei seinem Abschluss keine Chance. So stand es nach 32. Minuten 2:0 f\u00fcr uns. Im Anschluss kam Mika noch zu einer 1000%tigen Chance vergab diese jedoch kl\u00e4glich. Den Zuschauern blieb nichts anderes, als die H\u00e4nde \u00fcber dem Kopf zusammenzuschlagen. So blieb es zum Halbzeitpfiff beim 2:0. In der Pause beschlossen wir genauso weiterzuspielen und nicht nachzulassen. In der zweiten Halbzeit war es erneut Luci der unseren Vorsprung ausbaute. Nur 10 Minuten nach dem Wiederanpfiff spielte Pawel einen Pass in die Spitze wo Luci noch zwei Verteidiger stehen lie\u00df und locker aus dreizehn Metern einnetzte. Sp\u00e4testens jetzt war es ein Spiel auf ein Tor und deshalb auch nur eine Frage der Zeit das wir wieder treffen. Diese Frage beantwortete dann \u00fcberraschender Weise Mika als er zeigte das er doch treffen kann. Diesmal war es Luci der einen cleveren Z-Pass spielte, sodass Mika nur noch einschieben musste (4:0). Luci war nun nicht mehr zu stoppen. Nach einem Einwurf dribbelte er sich durch drei Verteidiger und fand diesmal Proppen im Zentrum. Proppen behielt die Nerven und vollendete unten rechts im Eck zum 5:0 (62. Minute). Nun lie\u00dfen die Visbeker die K\u00f6pfe endg\u00fcltig h\u00e4ngen. Die einzige Gegenwehr die jetzt noch kam war vom gegnerischen Schlussmann, der von seiner Mannschaft komplett allein gelassen wurde. Wir bekamen Chancen im Minuten Takt. Trotzdem dauerte es bis zur 75. Minute das wir erneut treffen konnten. Diesmal spielte Proppen einen Steckpass auf Mika, der den Torwart ausguckte und das 6:0 erzielte. Den Schlusspunkte setzte jedoch Proppen in der 86. Minute. Nachdem er selbst Luci einen Treffer auflegen wollte, bekam er den Ball nach einem Pfostenschuss wieder vor die F\u00fc\u00dfe und nutzte die Chance zum 7:0. Dies war dann auch der Endstand welcher angesichts unserer Torchancen auch ein paar Tore h\u00f6her h\u00e4tte ausfallen k\u00f6nnen. Christian konnte sich heute leider nicht auszeichnen da er im gesamten Spiel nicht einen gef\u00e4hrlichen Ball auf sein Tor bekam. Dies lag aber vor allem an unserer stark aufspielenden Defensive. Am Ende bleibt die Erkenntnis, dass Leo eine weitere Trainingseinheit mit Torschuss\u00fcbungen ben\u00f6tigt um endlich sein Tor zu erzielen\ud83d\ude1c. Die n\u00e4chste Chance bietet sich ihm am kommenden Mittwoch. Dort empfangen wir Kroge-Ehrendorf II zum Nachholspiel. Alle die Mittwochabend um 19:30 Uhr noch nichts vorhaben, ihr seid gern gesehene G\u00e4ste und mit eurer Unterst\u00fctzung wollen wir auch im letzten Heimspiel dieser Saison keinen Punkt abgeben.<\/p>\n","protected":false},"excerpt":{"rendered":"<p>SW Osterfeine III vs SV R-W Visbek III (7:0) Eine Woche nach dem Sieg gegen V\u00f6rden empfingen wir auf heimischen Rasen die dritte Mannschaft von R-W Visbek. Im Hinspiel mussten wir uns leider mit 7:1 geschlagen geben, nachdem wir uns katastrophal pr\u00e4sentiert hatten. In der Woche hatten wir die Bef\u00fcrchtung, dass Visbek evtl. nicht antritt, [&hellip;]<\/p>\n","protected":false},"author":3,"featured_media":0,"comment_status":"closed","ping_status":"closed","sticky":false,"template":"","format":"standard","meta":{"footnotes":""},"categories":[3],"tags":[],"_links":{"self":[{"href":"https:\/\/sw-osterfeine.de\/index.php?rest_route=\/wp\/v2\/posts\/32104"}],"collection":[{"href":"https:\/\/sw-osterfeine.de\/index.php?rest_route=\/wp\/v2\/posts"}],"about":[{"href":"https:\/\/sw-osterfeine.de\/index.php?rest_route=\/wp\/v2\/types\/post"}],"author":[{"embeddable":true,"href":"https:\/\/sw-osterfeine.de\/index.php?rest_route=\/wp\/v2\/users\/3"}],"replies":[{"embeddable":true,"href":"https:\/\/sw-osterfeine.de\/index.php?rest_route=%2Fwp%2Fv2%2Fcomments&post=32104"}],"version-history":[{"count":1,"href":"https:\/\/sw-osterfeine.de\/index.php?rest_route=\/wp\/v2\/posts\/32104\/revisions"}],"predecessor-version":[{"id":32105,"href":"https:\/\/sw-osterfeine.de\/index.php?rest_route=\/wp\/v2\/posts\/32104\/revisions\/32105"}],"wp:attachment":[{"href":"https:\/\/sw-osterfeine.de\/index.php?rest_route=%2Fwp%2Fv2%2Fmedia&parent=32104"}],"wp:term":[{"taxonomy":"category","embeddable":true,"href":"https:\/\/sw-osterfeine.de\/index.php?rest_route=%2Fwp%2Fv2%2Fcategories&post=32104"},{"taxonomy":"post_tag","embeddable":true,"href":"https:\/\/sw-osterfeine.de\/index.php?rest_route=%2Fwp%2Fv2%2Ftags&post=32104"}],"curies":[{"name":"wp","href":"https:\/\/api.w.org\/{rel}","templated":true}]}}