{"id":32108,"date":"2023-05-17T16:53:35","date_gmt":"2023-05-17T14:53:35","guid":{"rendered":"https:\/\/sw-osterfeine.de\/?p=32108"},"modified":"2023-05-17T16:53:35","modified_gmt":"2023-05-17T14:53:35","slug":"handball-b-jugend-4","status":"publish","type":"post","link":"https:\/\/sw-osterfeine.de\/?p=32108","title":{"rendered":"Handball B-Jugend"},"content":{"rendered":"\n\n\n<p><span style=\"font-family: 'Calibri',sans-serif; color: black;\">Hallo liebe OSV\u00b4er!\u00a0<\/span><span style=\"font-family: 'Calibri',sans-serif; color: black;\">\u00a0<\/span><\/p>\n<p><span style=\"font-family: 'Calibri',sans-serif; color: black;\">Nach unserem letzten Bericht, hatten wir in der Landesliga West noch 5 Spiel zu bestreiten. <\/span><span style=\"font-family: 'Calibri',sans-serif; color: black;\">Im Nachholspiel beim TUS Bramsche zeigten wir eine gute Leistung, und verloren leider denkbar knapp mit 20:19.\u00a0<\/span><span style=\"font-family: 'Calibri',sans-serif; color: black;\">\u00a0<\/span><span style=\"font-family: 'Calibri',sans-serif; color: black;\">Danach ging es zur TSG Burg Gretesch, die wir im Hinspiel besiegen konnten, und so waren unsere Erwartungen\u00a0<\/span><span style=\"font-family: 'Calibri',sans-serif; color: black;\">auch hoch vor diesem Spiel. Leider kam es v\u00f6llig anders. Mit der schlechtesten Saisonleistung verloren wir nach\u00a0<\/span><span style=\"font-family: 'Calibri',sans-serif; color: black;\">einer desolaten Leistung verdient mit 16:19. Die Stimmung war danach miserabel, und so verwundert es auch nicht,\u00a0<\/span><span style=\"font-family: 'Calibri',sans-serif; color: black;\">das wir im n\u00e4chsten Spiel gegen die SG Neuenhaus \/ Uelsen deutlich mit 27:37 verloren.\u00a0<\/span><span style=\"font-family: 'Calibri',sans-serif; color: black;\">\u00a0<\/span><\/p>\n<p><span style=\"font-family: 'Calibri',sans-serif; color: black;\">Nach einer internen Mannschaftsitzung wollten wir zumindest die noch 2 anstehenden Spiele vern\u00fcnftig zu Ende\u00a0<\/span><span style=\"font-family: 'Calibri',sans-serif; color: black;\">bringen, das war der ganz klare Anspruch. Als n\u00e4chstes Gegner kam der TV Meppen in unsere Sporthalle. Meppen\u00a0<\/span><span style=\"font-family: 'Calibri',sans-serif; color: black;\">reiste mit einem kompletten Bus an, so ein Stimmung hatten wir schon lange nicht mehr.\u00a0<\/span><span style=\"font-family: 'Calibri',sans-serif; color: black;\">Angestachelt von einer vollen Trib\u00fcne, konnten wir den um einige Pl\u00e4tze h\u00f6her angesiedelten Gast in die Knie zwingen,\u00a0<\/span><span style=\"font-family: 'Calibri',sans-serif; color: black;\">und gewannen nach einem super Spiel mit 20:15. <\/span><span style=\"font-family: 'Calibri',sans-serif; color: black;\">Dieser Sieg war nochmal wichtig f\u00fcr uns. Wir konnten uns selber beweisen, das wenn wir gut drauf sind, und alle\u00a0<\/span><span style=\"font-family: 'Calibri',sans-serif; color: black;\">mitziehen, auch als j\u00fcngerer Jahrgang in der Landesliga nicht chancenlos sind. <\/span><span style=\"font-family: 'Calibri',sans-serif; color: black;\">Das letzte Spiel verloren wir verdient gegen einen b\u00e4renstarken Gegner , die HSG Hunte-Aue L\u00f6wen mit 27:22. <\/span><span style=\"font-family: 'Calibri',sans-serif; color: black;\">Somit verpassten wir unser gestecktes Saisonziel um den 5. Platz mitzuspielen. Wir beenden die Saison als 8 von 10. <\/span><span style=\"font-family: 'Calibri',sans-serif; color: black;\">Es w\u00e4re durchaus mehr drin gewesen, wenn wir alles abgerufen h\u00e4tten. Ganz oben an der Tabellenspitze waren aber\u00a0<\/span><span style=\"font-family: 'Calibri',sans-serif; color: black;\">auch richtig starke Gegner. <br \/><\/span><\/p>\n<p><span style=\"font-family: 'Calibri',sans-serif; color: black;\">Eine tolle Erfahrung f\u00fcr unsere Mannschaft gegen viele unbekannte Gegner zu spielen, neue Sportst\u00e4tten kennenzulernen (<\/span><span style=\"font-family: 'Calibri',sans-serif; color: black;\">wobei die Fahrten auch lang wurden ) und sich auszutesten. <\/span><span style=\"font-family: 'Calibri',sans-serif; color: black;\">Aber wie hei\u00dft es so sch\u00f6n, nach der Saison ist vor der Saison, und so trainieren wir bereits f\u00fcr die Aufstiegsspiele,\u00a0<\/span><span style=\"font-family: 'Calibri',sans-serif; color: black;\">denn wir wollen auch in der n\u00e4chsten Saison nach M\u00f6glichkeit wieder in der Landesliga spielen. <\/span><span style=\"font-family: 'Calibri',sans-serif; color: black;\">Die Aufstiegsspiel sind bereits terminiert, und los geht n\u00e4chste Woche Samstag mit dem Stadtderby gegen RW Damme,\u00a0<\/span><span style=\"font-family: 'Calibri',sans-serif; color: black;\">zu dem wir Euch alle herzlich einladen m\u00f6chten. Hier der \u00dcberblick, wir werden dar\u00fcber berichten:\u00a0<\/span><span style=\"font-family: 'Calibri',sans-serif; color: black;\">\u00a0<\/span><\/p>\n<p><span style=\"font-family: 'Calibri',sans-serif; color: black;\">27.05.2023 &#8211; RW Damme vs. SW Osterfeine &#8211; 14 Uhr <\/span><\/p>\n<p><span style=\"font-family: 'Calibri',sans-serif; color: black;\">03.06.2023 &#8211; SW Osterfeine vs. SFN Vechta &#8211; 12.30 Uhr ( in der Sporthalle Steinfeld da Sch\u00fctzenfest )\u00a0<\/span><span style=\"font-family: 'Calibri',sans-serif; color: black;\">\u00a0<\/span><\/p>\n<p><span style=\"font-family: 'Calibri',sans-serif; color: black;\">11.06.2023 &#8211; SG Larrelt \/ Pewsum \/ Gro\u00df Midlum vs. SW Osterfeine &#8211; 12 Uhr\u00a0<\/span><span style=\"font-family: 'Calibri',sans-serif; color: black;\">\u00a0<\/span><\/p>\n<p><span style=\"font-family: 'Calibri',sans-serif; color: black;\">17.06.2023 &#8211; SW Osterfeine vs. Altes Amt Friesoythe &#8211; 15 Uhr\u00a0<\/span><\/p>\n<p>\u00a0<\/p>\n<p><span style=\"font-family: 'Calibri',sans-serif; color: black;\">\u00a0<\/span><\/p>\n<p><span style=\"font-size: 10.0pt; font-family: 'Tahoma',sans-serif; color: black;\">\u00a0<\/span><\/p>\n<p><span style=\"font-size: 10.0pt; font-family: 'Calibri',sans-serif; color: black;\">\u00a0<\/span><\/p>\n<p><span style=\"font-family: 'Calibri',sans-serif; color: #999999;\">\u00a0<\/span><\/p>\n","protected":false},"excerpt":{"rendered":"<p>Hallo liebe OSV\u00b4er!\u00a0\u00a0 Nach unserem letzten Bericht, hatten wir in der Landesliga West noch 5 Spiel zu bestreiten. Im Nachholspiel beim TUS Bramsche zeigten wir eine gute Leistung, und verloren leider denkbar knapp mit 20:19.\u00a0\u00a0Danach ging es zur TSG Burg Gretesch, die wir im Hinspiel besiegen konnten, und so waren unsere Erwartungen\u00a0auch hoch vor diesem [&hellip;]<\/p>\n","protected":false},"author":3,"featured_media":0,"comment_status":"closed","ping_status":"closed","sticky":false,"template":"","format":"standard","meta":{"footnotes":""},"categories":[1],"tags":[],"_links":{"self":[{"href":"https:\/\/sw-osterfeine.de\/index.php?rest_route=\/wp\/v2\/posts\/32108"}],"collection":[{"href":"https:\/\/sw-osterfeine.de\/index.php?rest_route=\/wp\/v2\/posts"}],"about":[{"href":"https:\/\/sw-osterfeine.de\/index.php?rest_route=\/wp\/v2\/types\/post"}],"author":[{"embeddable":true,"href":"https:\/\/sw-osterfeine.de\/index.php?rest_route=\/wp\/v2\/users\/3"}],"replies":[{"embeddable":true,"href":"https:\/\/sw-osterfeine.de\/index.php?rest_route=%2Fwp%2Fv2%2Fcomments&post=32108"}],"version-history":[{"count":1,"href":"https:\/\/sw-osterfeine.de\/index.php?rest_route=\/wp\/v2\/posts\/32108\/revisions"}],"predecessor-version":[{"id":32109,"href":"https:\/\/sw-osterfeine.de\/index.php?rest_route=\/wp\/v2\/posts\/32108\/revisions\/32109"}],"wp:attachment":[{"href":"https:\/\/sw-osterfeine.de\/index.php?rest_route=%2Fwp%2Fv2%2Fmedia&parent=32108"}],"wp:term":[{"taxonomy":"category","embeddable":true,"href":"https:\/\/sw-osterfeine.de\/index.php?rest_route=%2Fwp%2Fv2%2Fcategories&post=32108"},{"taxonomy":"post_tag","embeddable":true,"href":"https:\/\/sw-osterfeine.de\/index.php?rest_route=%2Fwp%2Fv2%2Ftags&post=32108"}],"curies":[{"name":"wp","href":"https:\/\/api.w.org\/{rel}","templated":true}]}}