{"id":32113,"date":"2023-05-19T11:18:50","date_gmt":"2023-05-19T09:18:50","guid":{"rendered":"https:\/\/sw-osterfeine.de\/?p=32113"},"modified":"2023-05-19T11:18:50","modified_gmt":"2023-05-19T09:18:50","slug":"b-ii-jugend-in-pokal-und-punktspielen-mit-guten-leistungen","status":"publish","type":"post","link":"https:\/\/sw-osterfeine.de\/?p=32113","title":{"rendered":"B-II-Jugend in Pokal und Punktspielen mit guten Leistungen"},"content":{"rendered":"\n<p>Halbfinale im Kreispokal bei RW Damme auf Kunstrasen am Donnerstagabend:<\/p>\n<p>Zahlreiche OSV-Fans hatten den Weg zum Dammer Kunstrasen gefunden, um unsere Jungs zu unterst\u00fctzen. Und diese Unterst\u00fctzung konnten unsere Jungs auch gut gebrauchen, hatte sich der Gastgeber neben seinem B-II-Jugendkader noch zus\u00e4tzlich aus anderen Mannschaften Verst\u00e4rkungen besorgt. So war unsere junge Mannschaft \u00fcberwiegend in der Defensive, stand hier allerdings sehr sicher. Kam doch etwas durch, war unser Torwart Kevin Gravemeyer wie gewohnt auf der Hut und folglich kam es zum Elfmeterschie\u00dfen.\u00a0 Wenn ein Elfmeterschie\u00dfen dann 1:0 ausgeht, kann man sich vorstellen mit welchen Emotionen die jungen Spieler zum Elfmeterpunkt gegangen sind. Daran sieht man, dass unsere Jungs mit viel Herzblut bei der Sache waren. Daher braucht keiner traurig \u00fcber seinen vergebenen Elfmeter sein, gibt es auf diesen Planeten doch keinen Fu\u00dfballer die noch keinen Elfmeter verschossen haben, au\u00dfer nat\u00fcrlich die \u201eFachleute Matth\u00e4us, Hamann, Basler usw\u201c. Also, Gl\u00fcckwunsch an Damme zum Sieg und Kompliment f\u00fcr die Leistung unserer Mannschaft im Pokalwettbewerb 2022\/23.<\/p>\n<p>Ohne gro\u00dfe Pause ging es 43 Stunden (im Profifu\u00dfball w\u00e4re das nat\u00fcrlich nicht m\u00f6glich gewesen, \u00dcberlastung usw\u2026.) sp\u00e4ter ins Saterland gegen eine Jugendspielgemeinschaft weiter. In der ersten Halbzeit fanden wir nicht wie gewohnt unseren Rhythmus, steigerten uns in Halbzeit 2 deutlich und kamen durch Clemens zum Anschluss, mussten dann am Ende doch die \u00dcberlegenheit der Gastgeber aus X Vereinen anerkennen: 5:1. Nach der Pizza waren die Strapazen dann schon wieder vergessen und die K\u00f6pfe gingen wieder nach oben.<!--more--><\/p>\n<p>Am folgenden Samstag ging es dann wieder auf Ausw\u00e4rtsfahrt, dieses Mal ging es zum traditionsreichen Jahn Delmenhorst. Leider konnte unsere Mannschaft die guten Leistungen der 1. Halbzeit bei einer Halbzeitf\u00fchrung von 1:0 bei einem Treffer Clemens Lapke nicht in Durchgang 2 konservieren. So gab es am Ende bei nachlassender Kraft gegen die doch \u00e4lteren Gastgeber ein 1:4. Wie toll der Zusammenhalt dieser Mannschaft ist, zeigte sich an der Teilnahme von Mattes Joachimmeyer, der in einer schweren Zeit die Mannschaft mit ihrem kleinen Kader nicht im Stich lie\u00df und vorbildlich die Mannschaft unterst\u00fctzte. Ebenso spricht es f\u00fcr die Jungs (und auch unsere tollen und immer unterst\u00fctzenden Eltern!!), dass auf dem schweren Gang zur Beisetzung von<\/p>\n<p>Mattes Vater Bernhard kein Spieler fehlte, um Jockel wenigstens ein ganz klein bisschen in dieser schweren Zeit beizustehen.<\/p>\n<p>Jungs, ihr seid eine tolle Truppe!!!<\/p>\n<p>Auch hier ging es 2 Tage sp\u00e4ter im Punktspielalltag gegen die Spielgemeinschaft aus Molbergen, Peheim, Ermke gleich weiter f\u00fcr die Jungs.<\/p>\n<p>Auch wenn es am Ende eine 2:4 Niederlage gab, war unsere Mannschaft ganz dicht dran, die ersten Punkte einzufahren. Hinrich Bosche und wieder Clemens Lapke erzielten unsere Tore. Gerade in diesem Spiel machte sich das Fehlen von Jan-Bernd Putthoff bemerkbar, h\u00e4tte er mit seiner Dynamik gegen die G\u00e4steabwehr sicherlich die entscheidenden Akzente setzen k\u00f6nnen. Das Spiel gab die Hoffnung, dass unsere Mannschaft immer dichter an einen Punktgewinn herankommt. So wurde gleich am Tag danach wieder trainiert \u2013 Sonntag 12.00 Uhr \u2013 um am Dienstag gegen die 1. B-Jugend von SFN Vechta gut vorbereitet zu sein. Unsere Mannschaft hatte noch das starke Spiel der Vechtaer aus dem Herbst in Erinnerung. So ging die Mannschaft voll motiviert ins Spiel, zeigte ein richtig gute Leistung und konnte mit einem 2:0 Sieg die ersten Punkte in der OM-Liga einfahren. Alle Jungs machten k\u00e4mpferisch und auch spielerisch eine gute Partie. Arne Jacob mit Elfmeter ( geht doch- wir k\u00f6nnen wieder Elfmeter) nach Foul an Clemens Lapke und Clemens Lapke mit einem Kontertor stellten den verdienten Sieg sicher. Der aufopferungsvolle Kampf der Jungs hatte sich gelohnt und die schon immer grandiose Stimmung in der Mannschaft erfuhr nochmal eine Steigerung. Hervorzuheben bleibt hier besonders die nimmerm\u00fcde Laufleistung von Leonard Hoppe, der ein unglaubliches Laufspiel an den Tag legte. Aber auch alle anderen Jungs haben einen riesigen Anteil am ersten Sieg in der OM-Liga. So spielte Katze erstmalig wieder zu null \u2013 nur dann ist unser Torwarttrainer J\u00fcrgen Jacob auch zufrieden.<\/p>\n<p>Nun geht es erstmal wieder auf 2 Reisen zum TUS Heidkrug nach Delmenhorst und dann am kommenden Mittwoch nach Westerstede, wo die Konstruktion JFuV Nordkreis in Ermangelung eines Platzes dieses Spiel austr\u00e4gt. Die Nordkreismannschaft besteht \u00fcberwiegend aus afrikanischen Spielern \u2013 z.T. Jugendnationalspieler \u2013 dominiert diese OM-Liga. Das Hinspiel wurde aus dubiosen Gr\u00fcnden abgesagt \u2013 ein Heimrechttausch wurde abgelehnt -. Es spricht f\u00fcr unsere Jungs trotzdem an einem Mittwochabend in Westerstede anzutreten zu wollen, wir kommen mit einer zweistelligen Niederlage gut klar. Die Fragen m\u00fcssen sich hier andere Beteiligte stellen.<\/p>\n<p>Wie sich unsere Jungs nun in Delmenhorst und Westerstede geschlagen haben?? Wir werden dar\u00fcber berichten\u2026\u2026<\/p>\n","protected":false},"excerpt":{"rendered":"<p>Halbfinale im Kreispokal bei RW Damme auf Kunstrasen am Donnerstagabend: Zahlreiche OSV-Fans hatten den Weg zum Dammer Kunstrasen gefunden, um unsere Jungs zu unterst\u00fctzen. Und diese Unterst\u00fctzung konnten unsere Jungs auch gut gebrauchen, hatte sich der Gastgeber neben seinem B-II-Jugendkader noch zus\u00e4tzlich aus anderen Mannschaften Verst\u00e4rkungen besorgt. So war unsere junge Mannschaft \u00fcberwiegend in der [&hellip;]<\/p>\n","protected":false},"author":3,"featured_media":0,"comment_status":"closed","ping_status":"closed","sticky":false,"template":"","format":"standard","meta":{"footnotes":""},"categories":[3],"tags":[],"_links":{"self":[{"href":"https:\/\/sw-osterfeine.de\/index.php?rest_route=\/wp\/v2\/posts\/32113"}],"collection":[{"href":"https:\/\/sw-osterfeine.de\/index.php?rest_route=\/wp\/v2\/posts"}],"about":[{"href":"https:\/\/sw-osterfeine.de\/index.php?rest_route=\/wp\/v2\/types\/post"}],"author":[{"embeddable":true,"href":"https:\/\/sw-osterfeine.de\/index.php?rest_route=\/wp\/v2\/users\/3"}],"replies":[{"embeddable":true,"href":"https:\/\/sw-osterfeine.de\/index.php?rest_route=%2Fwp%2Fv2%2Fcomments&post=32113"}],"version-history":[{"count":1,"href":"https:\/\/sw-osterfeine.de\/index.php?rest_route=\/wp\/v2\/posts\/32113\/revisions"}],"predecessor-version":[{"id":32114,"href":"https:\/\/sw-osterfeine.de\/index.php?rest_route=\/wp\/v2\/posts\/32113\/revisions\/32114"}],"wp:attachment":[{"href":"https:\/\/sw-osterfeine.de\/index.php?rest_route=%2Fwp%2Fv2%2Fmedia&parent=32113"}],"wp:term":[{"taxonomy":"category","embeddable":true,"href":"https:\/\/sw-osterfeine.de\/index.php?rest_route=%2Fwp%2Fv2%2Fcategories&post=32113"},{"taxonomy":"post_tag","embeddable":true,"href":"https:\/\/sw-osterfeine.de\/index.php?rest_route=%2Fwp%2Fv2%2Ftags&post=32113"}],"curies":[{"name":"wp","href":"https:\/\/api.w.org\/{rel}","templated":true}]}}